{"id":59910,"date":"2026-04-27T16:26:57","date_gmt":"2026-04-27T14:26:57","guid":{"rendered":"https:\/\/mostrafire.com\/sin-categorizar\/comenza-la-cuenta-atras-por-el-fire-2026-con-el-lema-la-imagen-grafica-y-5-avancos-de-programacio\/"},"modified":"2026-04-28T17:56:44","modified_gmt":"2026-04-28T15:56:44","slug":"comenza-la-cuenta-atras-por-el-fire-2026-con-el-lema-la-imagen-grafica-y-5-avancos-de-programacio","status":"publish","type":"post","link":"https:\/\/mostrafire.com\/es\/2026\/comenza-la-cuenta-atras-por-el-fire-2026-con-el-lema-la-imagen-grafica-y-5-avancos-de-programacio\/","title":{"rendered":"Empieza la cuenta atr\u00e1s para el FIRE!! 2026 con el lema, la imagen gr\u00e1fica y 5 avances de programaci\u00f3n!"},"content":{"rendered":"<div class=\"fusion-fullwidth fullwidth-box fusion-builder-row-1 fusion-flex-container nonhundred-percent-fullwidth non-hundred-percent-height-scrolling\" style=\"--awb-border-radius-top-left:0px;--awb-border-radius-top-right:0px;--awb-border-radius-bottom-right:0px;--awb-border-radius-bottom-left:0px;--awb-flex-wrap:wrap;\" ><div class=\"fusion-builder-row fusion-row fusion-flex-align-items-flex-start fusion-flex-content-wrap\" style=\"max-width:1248px;margin-left: calc(-4% \/ 2 );margin-right: calc(-4% \/ 2 );\"><div class=\"fusion-layout-column fusion_builder_column fusion-builder-column-0 fusion_builder_column_1_1 1_1 fusion-flex-column\" style=\"--awb-bg-size:cover;--awb-width-large:100%;--awb-margin-top-large:0px;--awb-spacing-right-large:1.92%;--awb-margin-bottom-large:0px;--awb-spacing-left-large:1.92%;--awb-width-medium:100%;--awb-spacing-right-medium:1.92%;--awb-spacing-left-medium:1.92%;--awb-width-small:100%;--awb-spacing-right-small:1.92%;--awb-spacing-left-small:1.92%;\"><div class=\"fusion-column-wrapper fusion-flex-justify-content-flex-start fusion-content-layout-column\"><div class=\"fusion-text fusion-text-1\"><p><strong>La edici\u00f3n del Festival FIRE!! 2026 tendr\u00e1 lugar este a\u00f1o del 4 al 14 de junio <\/strong>. Una edici\u00f3n marcada por una tem\u00e1tica muy especial: <strong><u>la mirada del cine queer \u00e1rabe y persa<\/u><\/strong>. Bajo el lema \u00ab<strong>Mil y unas historias queer<\/strong>\u00ab, esta edici\u00f3n nos har\u00e1 ver y reinvidicar las vivencias del colectivo LGBTIQ+ de esta parte del mundo! <\/p>\n<p>Os presentamos la <strong><u><a href=\"https:\/\/mostrafire.com\/es\/\">imagen gr\u00e1fica<\/a><\/u> <\/strong>dedicada a esta mirada, preparada con mucho amor por nuestro estimado director y fot\u00f3grafo liban\u00e9s <a href=\"https:\/\/www.instagram.com\/hadi.moussally\/\"><strong>Hadi Moussally<\/strong><\/a>, donde se presenta caracterizado de su famoso alter ego, <a href=\"https:\/\/www.instagram.com\/salmazahore\/\"><strong>Salma Zahore<\/strong><\/a>. Si quer\u00e9is saber m\u00e1s sobre su obra, podr\u00e9is ver en el Instituto Franc\u00e9s su exposici\u00f3n <strong><em>Los \u00e1rabes que viven en m\u00ed<\/em><\/strong>, y tambi\u00e9n disfrutar, el d\u00eda de la inauguraci\u00f3n de su performance <strong><em>I Am Love<\/em><\/strong>. <\/p>\n<p><strong>Y os adelantamos ahora 5 t\u00edtulos del FIRE!! 2026:<\/strong><\/p>\n<p><strong> <\/strong><\/p>\n<p><strong><em>Bouchra <\/em><\/strong><strong>\u2013 ***Pel\u00edcula inaugural*** &#8211; Jueves 4, 20h \/ S\u00e1bado 13, 16h<\/strong><\/p>\n<p>Direcci\u00f3n: Orian Barki, Meriem Bennani &#8211; Marruecos, Italia, Estados Unidos, 2025, Drama, 83&#8242;<\/p>\n<p>Int\u00e9rpretes: Ariana Faye Allensworth, Fay\u00e7al Azizi, Orian Yani Barki, Yto Barrada, Meriem Bennani<\/p>\n<p><em>Bouchra, cineasta marroquina lesbiana de 35 anys instal\u00b7lada a Nova York, est\u00e0 paralitzada per la por a la p\u00e0gina en blanc. Una trucada telef\u00f2nica amb la seva mare, cardi\u00f2loga resident a Casablanca, fa aflorar entre elles molts records.  La cari\u00f1osa pero compleja conversaci\u00f3n que ambas mantienen pone en marcha un cambio constructivo y les lleva a emprender un viaje por los lazos de familia, la relaci\u00f3n madre-hija y las emociones que desencadena el amor. <\/em><\/p>\n<p><strong> <\/strong><\/p>\n<p><strong><em>On the Sea<\/em><\/strong><strong> &#8211; <\/strong><strong>Viernes 5, 22 h \/ Jueves 11, 16 h<\/strong><\/p>\n<p>Direcci\u00f3n: Helen Walsh &#8211; Reino Unido, 2025, Drama, 111&#8242;<\/p>\n<p>Int\u00e9rpretes: Barry Ward, Lorne MacFadyen, Liz White, Henry Lawfull, Celyn Jones, Danny Webb<\/p>\n<p><em>Jack lleva m\u00e1s de la mitad de su vida casado con Maggie. Trabaja como recolector en los bancos de mejillones del norte de Gales. Siempre ha dado por hecho que su hijo, Tom, se incorporar\u00e1 al negocio familiar al acabar la escuela, pero la resistencia de Tom a seguir sus pasos genera tensi\u00f3n en la familia. La situaci\u00f3n se agrava con la llegada de un marinero itinerante, Daniel, que revela sus sentimientos por Jack. En su remota comunidad rural, donde la vida gira alrededor de la iglesia y la pesca, Jack se enfrenta a un dilema imposible.    <\/em><\/p>\n<p><strong> <\/strong><\/p>\n<p><strong><em>Jimpa<\/em><\/strong><strong> &#8211; <\/strong><strong>S\u00e1bado 6, 16 h \/ S\u00e1bado 13, 22 h<\/strong><\/p>\n<p>Direcci\u00f3n: Sophie Hyde &#8211; Australia, 2025, Drama, 113&#8242;<\/p>\n<p>Int\u00e9rpretes: Olivia Colman, John Lithgow, Aud Mason-Hyde<\/p>\n<p><em>Hannah, cineasta, viaja a \u00c1msterdam con su marido y su hija adolescente no binario, Frances. Al reencontrarse con Jim, su padre, que es gay, est\u00e1 muy comprometido pol\u00edticamente, es portador del VIH y recibe el sobrenombre afectuoso \u00abJimpa\u00bb, espera hablar sobre sus planes de explicar su historia en la gran pantalla. Sin embargo, cuando la salud de Jimpa, un hombre ferozmente independiente, empieza a deteriorarse, Hannah y su hermana deben hablar del futuro.  <\/em><\/p>\n<p><strong> <\/strong><\/p>\n<p><strong><em>Beautiful Evening, Beautiful Day<\/em><\/strong><strong> &#8211; <\/strong><strong>S\u00e1bado 6, 22 h \/ Mi\u00e9rcoles 10, 22 h<\/strong><\/p>\n<p>Direcci\u00f3n: Ivona Juka &#8211; Bosnia-Herzegovina, Canad\u00e1, Croacia, Chipre, Polonia, Serbia, 2024, Drama, 137&#8242;<\/p>\n<p>Int\u00e9rpretes: Emir Had\u017eihafizbegovi\u0107, Elmir Krivali\u0107,, Dado \u0106osi\u0107, Slaven Do\u0161lo, \u0110or\u0111e Gali\u0107, Goran Grgi\u0107, Asja Jovanovic<\/p>\n<p><em>Cuatro amigos cercanos, todos homosexuales, lucharon durante la Segunda Guerra Mundial contra la Ustacha y los nazis, uni\u00e9ndose a la Lucha de Liberaci\u00f3n Nacional de Tito. 16 a\u00f1os despu\u00e9s, se han convertido en cineastas de renombre y hacen pel\u00edculas que critican a la sociedad de su tiempo, mientras viven su sexualidad con libertad.  Pero Emir, miembro fiel del Partido Comunista, es encargado de sabotear su carrera y su vida&#8230; <\/em><\/p>\n<p><strong> <\/strong><\/p>\n<p><strong><em>El prado y la luna<\/em><\/strong><strong> \u2013 <\/strong><strong>Domingo 14, 22 h<\/strong><\/p>\n<p>Direcci\u00f3n: Cayetana H. Cuy\u00e1s &#8211; Espa\u00f1a, 2025, Documental, 98&#8242;<\/p>\n<p>Int\u00e9rpretes: Pepe Cabrera Cuy\u00e1s, Tana Cuy\u00e1s G\u00f3mez, Cayetana H. Cuy\u00e1s, Tolina Puscassiu, \u00c1ngeles Montesdeoca<\/p>\n<p><em>Homenaje de Cayetana H. Cuy\u00e1s a su t\u00edo, Antonio G\u00f3mez, que fue dise\u00f1ador jefe de Valentino. Siempre a la sombra del gran dise\u00f1ador italiano, muri\u00f3 de sida en 1991, cuando empezaba a despuntar en solitario. Cayetana encontr\u00f3 un gui\u00f3n de cine suyo inacabado y decidi\u00f3 \u2014desde su identidad l\u00e9sbica y jugando tambi\u00e9n con la homosexualidad de su propio hermano, que interpreta de manera brillante al t\u00edo Antonio\u2014 rodar en familia aquel film que \u00e9l no pudo acabar en vida, record\u00e1ndonos inevitablemente una generaci\u00f3n de artistas desaparecidos en plena expansi\u00f3n creativa.  <\/em><\/p>\n<\/div><\/div><\/div><\/div><\/div>\n","protected":false},"excerpt":{"rendered":"","protected":false},"author":4,"featured_media":59909,"comment_status":"closed","ping_status":"closed","sticky":false,"template":"","format":"standard","meta":{"footnotes":""},"categories":[1233],"tags":[],"class_list":["post-59910","post","type-post","status-publish","format-standard","has-post-thumbnail","hentry","category-1233"],"yoast_head":"<!-- This site is optimized with the Yoast SEO plugin v27.4 - https:\/\/yoast.com\/product\/yoast-seo-wordpress\/ -->\n<title>Empieza la cuenta atr\u00e1s para el FIRE!! 2026 con el lema, la imagen gr\u00e1fica y 5 avances de programaci\u00f3n! | Mostra FIRE!!<\/title>\n<meta name=\"robots\" content=\"index, follow, max-snippet:-1, max-image-preview:large, max-video-preview:-1\" \/>\n<link rel=\"canonical\" href=\"https:\/\/mostrafire.com\/es\/2026\/comenza-la-cuenta-atras-por-el-fire-2026-con-el-lema-la-imagen-grafica-y-5-avancos-de-programacio\/\" \/>\n<meta property=\"og:locale\" content=\"es_ES\" \/>\n<meta property=\"og:type\" content=\"article\" \/>\n<meta property=\"og:title\" content=\"Empieza la cuenta atr\u00e1s para el FIRE!! 2026 con el lema, la imagen gr\u00e1fica y 5 avances de programaci\u00f3n! | Mostra FIRE!!\" \/>\n<meta property=\"og:url\" content=\"https:\/\/mostrafire.com\/es\/2026\/comenza-la-cuenta-atras-por-el-fire-2026-con-el-lema-la-imagen-grafica-y-5-avancos-de-programacio\/\" \/>\n<meta property=\"og:site_name\" content=\"Mostra FIRE!!\" \/>\n<meta property=\"article:publisher\" content=\"https:\/\/www.facebook.com\/MostraFire\" \/>\n<meta property=\"article:published_time\" content=\"2026-04-27T14:26:57+00:00\" \/>\n<meta property=\"article:modified_time\" content=\"2026-04-28T15:56:44+00:00\" \/>\n<meta property=\"og:image\" content=\"https:\/\/mostrafire.com\/wp-content\/uploads\/2026\/04\/Imagen-Hadi.jpg\" \/>\n\t<meta property=\"og:image:width\" content=\"1200\" \/>\n\t<meta property=\"og:image:height\" content=\"632\" \/>\n\t<meta property=\"og:image:type\" content=\"image\/jpeg\" \/>\n<meta name=\"author\" content=\"antu\" \/>\n<meta name=\"twitter:card\" content=\"summary_large_image\" \/>\n<meta name=\"twitter:creator\" content=\"@mostraFire\" \/>\n<meta name=\"twitter:site\" content=\"@mostraFire\" \/>\n<meta name=\"twitter:label1\" content=\"Escrito por\" \/>\n\t<meta name=\"twitter:data1\" content=\"antu\" \/>\n\t<meta name=\"twitter:label2\" content=\"Tiempo de lectura\" \/>\n\t<meta name=\"twitter:data2\" content=\"5 minutos\" \/>\n<script type=\"application\/ld+json\" class=\"yoast-schema-graph\">{\"@context\":\"https:\\\/\\\/schema.org\",\"@graph\":[{\"@type\":\"Article\",\"@id\":\"https:\\\/\\\/mostrafire.com\\\/es\\\/2026\\\/comenza-la-cuenta-atras-por-el-fire-2026-con-el-lema-la-imagen-grafica-y-5-avancos-de-programacio\\\/#article\",\"isPartOf\":{\"@id\":\"https:\\\/\\\/mostrafire.com\\\/es\\\/2026\\\/comenza-la-cuenta-atras-por-el-fire-2026-con-el-lema-la-imagen-grafica-y-5-avancos-de-programacio\\\/\"},\"author\":{\"name\":\"antu\",\"@id\":\"https:\\\/\\\/mostrafire.com\\\/es\\\/#\\\/schema\\\/person\\\/c438a2b05aa3b056582f39ec8c68ef89\"},\"headline\":\"Empieza la cuenta atr\u00e1s para el FIRE!! 2026 con el lema, la imagen gr\u00e1fica y 5 avances de programaci\u00f3n!\",\"datePublished\":\"2026-04-27T14:26:57+00:00\",\"dateModified\":\"2026-04-28T15:56:44+00:00\",\"mainEntityOfPage\":{\"@id\":\"https:\\\/\\\/mostrafire.com\\\/es\\\/2026\\\/comenza-la-cuenta-atras-por-el-fire-2026-con-el-lema-la-imagen-grafica-y-5-avancos-de-programacio\\\/\"},\"wordCount\":1069,\"publisher\":{\"@id\":\"https:\\\/\\\/mostrafire.com\\\/es\\\/#organization\"},\"image\":{\"@id\":\"https:\\\/\\\/mostrafire.com\\\/es\\\/2026\\\/comenza-la-cuenta-atras-por-el-fire-2026-con-el-lema-la-imagen-grafica-y-5-avancos-de-programacio\\\/#primaryimage\"},\"thumbnailUrl\":\"https:\\\/\\\/mostrafire.com\\\/wp-content\\\/uploads\\\/2026\\\/04\\\/Imagen-Hadi.jpg\",\"articleSection\":[\"2026\"],\"inLanguage\":\"es\"},{\"@type\":\"WebPage\",\"@id\":\"https:\\\/\\\/mostrafire.com\\\/es\\\/2026\\\/comenza-la-cuenta-atras-por-el-fire-2026-con-el-lema-la-imagen-grafica-y-5-avancos-de-programacio\\\/\",\"url\":\"https:\\\/\\\/mostrafire.com\\\/es\\\/2026\\\/comenza-la-cuenta-atras-por-el-fire-2026-con-el-lema-la-imagen-grafica-y-5-avancos-de-programacio\\\/\",\"name\":\"Empieza la cuenta atr\u00e1s para el FIRE!! 2026 con el lema, la imagen gr\u00e1fica y 5 avances de programaci\u00f3n! | Mostra FIRE!!\",\"isPartOf\":{\"@id\":\"https:\\\/\\\/mostrafire.com\\\/es\\\/#website\"},\"primaryImageOfPage\":{\"@id\":\"https:\\\/\\\/mostrafire.com\\\/es\\\/2026\\\/comenza-la-cuenta-atras-por-el-fire-2026-con-el-lema-la-imagen-grafica-y-5-avancos-de-programacio\\\/#primaryimage\"},\"image\":{\"@id\":\"https:\\\/\\\/mostrafire.com\\\/es\\\/2026\\\/comenza-la-cuenta-atras-por-el-fire-2026-con-el-lema-la-imagen-grafica-y-5-avancos-de-programacio\\\/#primaryimage\"},\"thumbnailUrl\":\"https:\\\/\\\/mostrafire.com\\\/wp-content\\\/uploads\\\/2026\\\/04\\\/Imagen-Hadi.jpg\",\"datePublished\":\"2026-04-27T14:26:57+00:00\",\"dateModified\":\"2026-04-28T15:56:44+00:00\",\"breadcrumb\":{\"@id\":\"https:\\\/\\\/mostrafire.com\\\/es\\\/2026\\\/comenza-la-cuenta-atras-por-el-fire-2026-con-el-lema-la-imagen-grafica-y-5-avancos-de-programacio\\\/#breadcrumb\"},\"inLanguage\":\"es\",\"potentialAction\":[{\"@type\":\"ReadAction\",\"target\":[\"https:\\\/\\\/mostrafire.com\\\/es\\\/2026\\\/comenza-la-cuenta-atras-por-el-fire-2026-con-el-lema-la-imagen-grafica-y-5-avancos-de-programacio\\\/\"]}]},{\"@type\":\"ImageObject\",\"inLanguage\":\"es\",\"@id\":\"https:\\\/\\\/mostrafire.com\\\/es\\\/2026\\\/comenza-la-cuenta-atras-por-el-fire-2026-con-el-lema-la-imagen-grafica-y-5-avancos-de-programacio\\\/#primaryimage\",\"url\":\"https:\\\/\\\/mostrafire.com\\\/wp-content\\\/uploads\\\/2026\\\/04\\\/Imagen-Hadi.jpg\",\"contentUrl\":\"https:\\\/\\\/mostrafire.com\\\/wp-content\\\/uploads\\\/2026\\\/04\\\/Imagen-Hadi.jpg\",\"width\":1200,\"height\":632,\"caption\":\"Screenshot\"},{\"@type\":\"BreadcrumbList\",\"@id\":\"https:\\\/\\\/mostrafire.com\\\/es\\\/2026\\\/comenza-la-cuenta-atras-por-el-fire-2026-con-el-lema-la-imagen-grafica-y-5-avancos-de-programacio\\\/#breadcrumb\",\"itemListElement\":[{\"@type\":\"ListItem\",\"position\":1,\"name\":\"Portada\",\"item\":\"https:\\\/\\\/mostrafire.com\\\/es\\\/\"},{\"@type\":\"ListItem\",\"position\":2,\"name\":\"Empieza la cuenta atr\u00e1s para el FIRE!! 2026 con el lema, la imagen gr\u00e1fica y 5 avances de programaci\u00f3n!\"}]},{\"@type\":\"WebSite\",\"@id\":\"https:\\\/\\\/mostrafire.com\\\/es\\\/#website\",\"url\":\"https:\\\/\\\/mostrafire.com\\\/es\\\/\",\"name\":\"Mostra FIRE!!\",\"description\":\"Muestra Internacional de Cine Gay y L\u00e9sbico de Barcelona\",\"publisher\":{\"@id\":\"https:\\\/\\\/mostrafire.com\\\/es\\\/#organization\"},\"potentialAction\":[{\"@type\":\"SearchAction\",\"target\":{\"@type\":\"EntryPoint\",\"urlTemplate\":\"https:\\\/\\\/mostrafire.com\\\/es\\\/?s={search_term_string}\"},\"query-input\":{\"@type\":\"PropertyValueSpecification\",\"valueRequired\":true,\"valueName\":\"search_term_string\"}}],\"inLanguage\":\"es\"},{\"@type\":\"Organization\",\"@id\":\"https:\\\/\\\/mostrafire.com\\\/es\\\/#organization\",\"name\":\"Mostra FIRE!! Edici\u00f3 2021\",\"url\":\"https:\\\/\\\/mostrafire.com\\\/es\\\/\",\"logo\":{\"@type\":\"ImageObject\",\"inLanguage\":\"es\",\"@id\":\"https:\\\/\\\/mostrafire.com\\\/es\\\/#\\\/schema\\\/logo\\\/image\\\/\",\"url\":\"https:\\\/\\\/mostrafire.com\\\/wp-content\\\/uploads\\\/2020\\\/07\\\/Logo_landing.jpg\",\"contentUrl\":\"https:\\\/\\\/mostrafire.com\\\/wp-content\\\/uploads\\\/2020\\\/07\\\/Logo_landing.jpg\",\"width\":884,\"height\":312,\"caption\":\"Mostra FIRE!! Edici\u00f3 2021\"},\"image\":{\"@id\":\"https:\\\/\\\/mostrafire.com\\\/es\\\/#\\\/schema\\\/logo\\\/image\\\/\"},\"sameAs\":[\"https:\\\/\\\/www.facebook.com\\\/MostraFire\",\"https:\\\/\\\/x.com\\\/mostraFire\",\"https:\\\/\\\/www.instagram.com\\\/Mostrafire\\\/\",\"https:\\\/\\\/www.youtube.com\\\/user\\\/firemostra\\\/\"]},{\"@type\":\"Person\",\"@id\":\"https:\\\/\\\/mostrafire.com\\\/es\\\/#\\\/schema\\\/person\\\/c438a2b05aa3b056582f39ec8c68ef89\",\"name\":\"antu\",\"image\":{\"@type\":\"ImageObject\",\"inLanguage\":\"es\",\"@id\":\"https:\\\/\\\/secure.gravatar.com\\\/avatar\\\/aa09b0f8cfe332b1a1caa9041ccec4ae78734a7324609b3667f60d21efc62587?s=96&d=mm&r=g\",\"url\":\"https:\\\/\\\/secure.gravatar.com\\\/avatar\\\/aa09b0f8cfe332b1a1caa9041ccec4ae78734a7324609b3667f60d21efc62587?s=96&d=mm&r=g\",\"contentUrl\":\"https:\\\/\\\/secure.gravatar.com\\\/avatar\\\/aa09b0f8cfe332b1a1caa9041ccec4ae78734a7324609b3667f60d21efc62587?s=96&d=mm&r=g\",\"caption\":\"antu\"}}]}<\/script>\n<!-- \/ Yoast SEO plugin. -->","yoast_head_json":{"title":"Empieza la cuenta atr\u00e1s para el FIRE!! 2026 con el lema, la imagen gr\u00e1fica y 5 avances de programaci\u00f3n! | Mostra FIRE!!","robots":{"index":"index","follow":"follow","max-snippet":"max-snippet:-1","max-image-preview":"max-image-preview:large","max-video-preview":"max-video-preview:-1"},"canonical":"https:\/\/mostrafire.com\/es\/2026\/comenza-la-cuenta-atras-por-el-fire-2026-con-el-lema-la-imagen-grafica-y-5-avancos-de-programacio\/","og_locale":"es_ES","og_type":"article","og_title":"Empieza la cuenta atr\u00e1s para el FIRE!! 2026 con el lema, la imagen gr\u00e1fica y 5 avances de programaci\u00f3n! | Mostra FIRE!!","og_url":"https:\/\/mostrafire.com\/es\/2026\/comenza-la-cuenta-atras-por-el-fire-2026-con-el-lema-la-imagen-grafica-y-5-avancos-de-programacio\/","og_site_name":"Mostra FIRE!!","article_publisher":"https:\/\/www.facebook.com\/MostraFire","article_published_time":"2026-04-27T14:26:57+00:00","article_modified_time":"2026-04-28T15:56:44+00:00","og_image":[{"width":1200,"height":632,"url":"https:\/\/mostrafire.com\/wp-content\/uploads\/2026\/04\/Imagen-Hadi.jpg","type":"image\/jpeg"}],"author":"antu","twitter_card":"summary_large_image","twitter_creator":"@mostraFire","twitter_site":"@mostraFire","twitter_misc":{"Escrito por":"antu","Tiempo de lectura":"5 minutos"},"schema":{"@context":"https:\/\/schema.org","@graph":[{"@type":"Article","@id":"https:\/\/mostrafire.com\/es\/2026\/comenza-la-cuenta-atras-por-el-fire-2026-con-el-lema-la-imagen-grafica-y-5-avancos-de-programacio\/#article","isPartOf":{"@id":"https:\/\/mostrafire.com\/es\/2026\/comenza-la-cuenta-atras-por-el-fire-2026-con-el-lema-la-imagen-grafica-y-5-avancos-de-programacio\/"},"author":{"name":"antu","@id":"https:\/\/mostrafire.com\/es\/#\/schema\/person\/c438a2b05aa3b056582f39ec8c68ef89"},"headline":"Empieza la cuenta atr\u00e1s para el FIRE!! 2026 con el lema, la imagen gr\u00e1fica y 5 avances de programaci\u00f3n!","datePublished":"2026-04-27T14:26:57+00:00","dateModified":"2026-04-28T15:56:44+00:00","mainEntityOfPage":{"@id":"https:\/\/mostrafire.com\/es\/2026\/comenza-la-cuenta-atras-por-el-fire-2026-con-el-lema-la-imagen-grafica-y-5-avancos-de-programacio\/"},"wordCount":1069,"publisher":{"@id":"https:\/\/mostrafire.com\/es\/#organization"},"image":{"@id":"https:\/\/mostrafire.com\/es\/2026\/comenza-la-cuenta-atras-por-el-fire-2026-con-el-lema-la-imagen-grafica-y-5-avancos-de-programacio\/#primaryimage"},"thumbnailUrl":"https:\/\/mostrafire.com\/wp-content\/uploads\/2026\/04\/Imagen-Hadi.jpg","articleSection":["2026"],"inLanguage":"es"},{"@type":"WebPage","@id":"https:\/\/mostrafire.com\/es\/2026\/comenza-la-cuenta-atras-por-el-fire-2026-con-el-lema-la-imagen-grafica-y-5-avancos-de-programacio\/","url":"https:\/\/mostrafire.com\/es\/2026\/comenza-la-cuenta-atras-por-el-fire-2026-con-el-lema-la-imagen-grafica-y-5-avancos-de-programacio\/","name":"Empieza la cuenta atr\u00e1s para el FIRE!! 2026 con el lema, la imagen gr\u00e1fica y 5 avances de programaci\u00f3n! | Mostra FIRE!!","isPartOf":{"@id":"https:\/\/mostrafire.com\/es\/#website"},"primaryImageOfPage":{"@id":"https:\/\/mostrafire.com\/es\/2026\/comenza-la-cuenta-atras-por-el-fire-2026-con-el-lema-la-imagen-grafica-y-5-avancos-de-programacio\/#primaryimage"},"image":{"@id":"https:\/\/mostrafire.com\/es\/2026\/comenza-la-cuenta-atras-por-el-fire-2026-con-el-lema-la-imagen-grafica-y-5-avancos-de-programacio\/#primaryimage"},"thumbnailUrl":"https:\/\/mostrafire.com\/wp-content\/uploads\/2026\/04\/Imagen-Hadi.jpg","datePublished":"2026-04-27T14:26:57+00:00","dateModified":"2026-04-28T15:56:44+00:00","breadcrumb":{"@id":"https:\/\/mostrafire.com\/es\/2026\/comenza-la-cuenta-atras-por-el-fire-2026-con-el-lema-la-imagen-grafica-y-5-avancos-de-programacio\/#breadcrumb"},"inLanguage":"es","potentialAction":[{"@type":"ReadAction","target":["https:\/\/mostrafire.com\/es\/2026\/comenza-la-cuenta-atras-por-el-fire-2026-con-el-lema-la-imagen-grafica-y-5-avancos-de-programacio\/"]}]},{"@type":"ImageObject","inLanguage":"es","@id":"https:\/\/mostrafire.com\/es\/2026\/comenza-la-cuenta-atras-por-el-fire-2026-con-el-lema-la-imagen-grafica-y-5-avancos-de-programacio\/#primaryimage","url":"https:\/\/mostrafire.com\/wp-content\/uploads\/2026\/04\/Imagen-Hadi.jpg","contentUrl":"https:\/\/mostrafire.com\/wp-content\/uploads\/2026\/04\/Imagen-Hadi.jpg","width":1200,"height":632,"caption":"Screenshot"},{"@type":"BreadcrumbList","@id":"https:\/\/mostrafire.com\/es\/2026\/comenza-la-cuenta-atras-por-el-fire-2026-con-el-lema-la-imagen-grafica-y-5-avancos-de-programacio\/#breadcrumb","itemListElement":[{"@type":"ListItem","position":1,"name":"Portada","item":"https:\/\/mostrafire.com\/es\/"},{"@type":"ListItem","position":2,"name":"Empieza la cuenta atr\u00e1s para el FIRE!! 2026 con el lema, la imagen gr\u00e1fica y 5 avances de programaci\u00f3n!"}]},{"@type":"WebSite","@id":"https:\/\/mostrafire.com\/es\/#website","url":"https:\/\/mostrafire.com\/es\/","name":"Mostra FIRE!!","description":"Muestra Internacional de Cine Gay y L\u00e9sbico de Barcelona","publisher":{"@id":"https:\/\/mostrafire.com\/es\/#organization"},"potentialAction":[{"@type":"SearchAction","target":{"@type":"EntryPoint","urlTemplate":"https:\/\/mostrafire.com\/es\/?s={search_term_string}"},"query-input":{"@type":"PropertyValueSpecification","valueRequired":true,"valueName":"search_term_string"}}],"inLanguage":"es"},{"@type":"Organization","@id":"https:\/\/mostrafire.com\/es\/#organization","name":"Mostra FIRE!! Edici\u00f3 2021","url":"https:\/\/mostrafire.com\/es\/","logo":{"@type":"ImageObject","inLanguage":"es","@id":"https:\/\/mostrafire.com\/es\/#\/schema\/logo\/image\/","url":"https:\/\/mostrafire.com\/wp-content\/uploads\/2020\/07\/Logo_landing.jpg","contentUrl":"https:\/\/mostrafire.com\/wp-content\/uploads\/2020\/07\/Logo_landing.jpg","width":884,"height":312,"caption":"Mostra FIRE!! Edici\u00f3 2021"},"image":{"@id":"https:\/\/mostrafire.com\/es\/#\/schema\/logo\/image\/"},"sameAs":["https:\/\/www.facebook.com\/MostraFire","https:\/\/x.com\/mostraFire","https:\/\/www.instagram.com\/Mostrafire\/","https:\/\/www.youtube.com\/user\/firemostra\/"]},{"@type":"Person","@id":"https:\/\/mostrafire.com\/es\/#\/schema\/person\/c438a2b05aa3b056582f39ec8c68ef89","name":"antu","image":{"@type":"ImageObject","inLanguage":"es","@id":"https:\/\/secure.gravatar.com\/avatar\/aa09b0f8cfe332b1a1caa9041ccec4ae78734a7324609b3667f60d21efc62587?s=96&d=mm&r=g","url":"https:\/\/secure.gravatar.com\/avatar\/aa09b0f8cfe332b1a1caa9041ccec4ae78734a7324609b3667f60d21efc62587?s=96&d=mm&r=g","contentUrl":"https:\/\/secure.gravatar.com\/avatar\/aa09b0f8cfe332b1a1caa9041ccec4ae78734a7324609b3667f60d21efc62587?s=96&d=mm&r=g","caption":"antu"}}]}},"_links":{"self":[{"href":"https:\/\/mostrafire.com\/es\/wp-json\/wp\/v2\/posts\/59910","targetHints":{"allow":["GET"]}}],"collection":[{"href":"https:\/\/mostrafire.com\/es\/wp-json\/wp\/v2\/posts"}],"about":[{"href":"https:\/\/mostrafire.com\/es\/wp-json\/wp\/v2\/types\/post"}],"author":[{"embeddable":true,"href":"https:\/\/mostrafire.com\/es\/wp-json\/wp\/v2\/users\/4"}],"replies":[{"embeddable":true,"href":"https:\/\/mostrafire.com\/es\/wp-json\/wp\/v2\/comments?post=59910"}],"version-history":[{"count":5,"href":"https:\/\/mostrafire.com\/es\/wp-json\/wp\/v2\/posts\/59910\/revisions"}],"predecessor-version":[{"id":59950,"href":"https:\/\/mostrafire.com\/es\/wp-json\/wp\/v2\/posts\/59910\/revisions\/59950"}],"wp:featuredmedia":[{"embeddable":true,"href":"https:\/\/mostrafire.com\/es\/wp-json\/wp\/v2\/media\/59909"}],"wp:attachment":[{"href":"https:\/\/mostrafire.com\/es\/wp-json\/wp\/v2\/media?parent=59910"}],"wp:term":[{"taxonomy":"category","embeddable":true,"href":"https:\/\/mostrafire.com\/es\/wp-json\/wp\/v2\/categories?post=59910"},{"taxonomy":"post_tag","embeddable":true,"href":"https:\/\/mostrafire.com\/es\/wp-json\/wp\/v2\/tags?post=59910"}],"curies":[{"name":"wp","href":"https:\/\/api.w.org\/{rel}","templated":true}]}}