{"id":59149,"date":"2025-05-30T10:00:22","date_gmt":"2025-05-30T08:00:22","guid":{"rendered":"https:\/\/mostrafire.com\/?p=59149"},"modified":"2025-05-24T10:56:35","modified_gmt":"2025-05-24T08:56:35","slug":"proyectos-seleccionados-en-el-fire-lab-2025","status":"publish","type":"post","link":"https:\/\/mostrafire.com\/es\/2025-es\/proyectos-seleccionados-en-el-fire-lab-2025\/","title":{"rendered":"Proyectos seleccionados en el FIRE!! LAB 2025"},"content":{"rendered":"<p>Tenemos el placer de presentaros los  <strong><a href=\"https:\/\/mostrafire.com\/es\/fire-pro\/#FireLab\">10 proyectos seleccionados en el FIRE!! LAB 2025: 5 proyectos de largometrajes y 5 proyectos de series <\/a><\/strong>. Ha sido una selecci\u00f3n muy complicada para esta <strong>5\u00aa edici\u00f3n de nuestro laboratorio<\/strong>, \u00a1ya que vamos a recibir este a\u00f1o <strong>m\u00e1s de 100 proyectos!<\/strong> Un 40% m\u00e1s con respecto al a\u00f1o pasado, lo que nos demuestra la enorme demanda de contenidos LGTBIQ+ en nuestro pa\u00eds, y la gran necesidad de laboratorios como el FIRE!! LAB para incidir sobre la \u2013 todav\u00eda muy baja \u2013 producci\u00f3n de pel\u00edculas de esta tem\u00e1tica en Espa\u00f1a.  <strong>El FIRE!! LAB 2025 <\/strong>  tendr\u00e1 lugar en el <strong>Centro LGTBI de Barcelona, del 9 al 11 de junio<\/strong>.<\/p>\n<p>&nbsp;<\/p>\n<p><strong><u>Largometrajes seleccionados:<\/u><\/strong><\/p>\n<p>&nbsp;<\/p>\n<p><strong><em>Tetio.  <\/em><\/strong>Direcci\u00f3n: Sergio Avellaneda Belmonte. Producci\u00f3n: Paula Amat (Debut Films) <\/p>\n<p>&nbsp;<\/p>\n<p><em><strong>Protuberantia<\/strong><\/em>. Direcci\u00f3n: Mires Ibars Guion: Pau Vidal Bosch. Producci\u00f3n: Mires Ibars (Opening Night)  <\/p>\n<p>&nbsp;<\/p>\n<p><strong><em>Las manos quietas.  <\/em><\/strong>Direcci\u00f3n: V\u00edctor Diago. Producci\u00f3n: Andr\u00e9s Mellinas (Boogaloo films) <\/p>\n<p>&nbsp;<\/p>\n<p><strong><em>El participio del verbo o\u00edr<\/em><\/strong>. Direcci\u00f3n: Miguel Machetti. Producci\u00f3n: \u00c1ngeles L. Guerrero  <\/p>\n<p><strong><em> <\/em><\/strong><\/p>\n<p><strong><em>Sin pecado concebidas<\/em><\/strong>. Direcci\u00f3n: Raquel Terrades, Claudia Barthelemy, Jenifer de la Rosa. Producci\u00f3n: Jenifer de la Rosa  <\/p>\n<p>&nbsp;<\/p>\n<p>&nbsp;<\/p>\n<p><strong><u>Series seleccionadas:<\/u><\/strong><\/p>\n<p><u> <\/u><\/p>\n<p><strong><em>El a\u00f1o de la envidia<\/em><\/strong>. Guion: Kevin Rodrigo P\u00e9rez, Luc\u00eda P\u00e9rez Oroz, Mar\u00eda Moreno Novoa <\/p>\n<p>&nbsp;<\/p>\n<p><strong><em>A solas en todas partes<\/em><\/strong>. Guion: Isabel Luque Garramiola y Camila Pineda Virgen <\/p>\n<p>&nbsp;<\/p>\n<p><strong><em>Cercan\u00edas<\/em><\/strong>. Guion: Manu Roma y Cl\u00e0udia Manero <\/p>\n<p><strong><em> <\/em><\/strong><\/p>\n<p><strong><em>El \u00faltimo hetero<\/em><\/strong>. Guion: Marta Lario Ruiz <\/p>\n<p>&nbsp;<\/p>\n<p><strong><em>Por tu propia culpa<\/em><\/strong>. Guion: Enrique Huelva Jim\u00e9nez. <\/p>\n<p>&nbsp;<\/p>\n<p><strong>\u00a1Enhorabuena a los proyectos seleccionados y muchas gracias a todas las personas que han participado en nuestra convocatoria!  <\/strong><\/p>\n<p><strong> <\/strong><\/p>\n<p>M\u00e1s info <strong><a href=\"https:\/\/mostrafire.com\/es\/fire-pro\/#FireLab\">&gt; aqu\u00ed<\/a><\/strong><\/p>\n","protected":false},"excerpt":{"rendered":"<p>Tenemos el placer de presentaros los 10 proyectos seleccionados en el FIRE!! LAB 2025: 5 proyectos de largometrajes y 5 <a href=\"https:\/\/mostrafire.com\/es\/2025-es\/proyectos-seleccionados-en-el-fire-lab-2025\/\"> &#8230; LLEGIR +<\/a><\/p>\n","protected":false},"author":4,"featured_media":59137,"comment_status":"closed","ping_status":"closed","sticky":false,"template":"","format":"standard","meta":{"footnotes":""},"categories":[1050],"tags":[],"class_list":["post-59149","post","type-post","status-publish","format-standard","has-post-thumbnail","hentry","category-2025-es"],"yoast_head":"<!-- This site is optimized with the Yoast SEO plugin v27.4 - https:\/\/yoast.com\/product\/yoast-seo-wordpress\/ -->\n<title>Proyectos seleccionados en el FIRE!! LAB 2025 | Mostra FIRE!!<\/title>\n<meta name=\"robots\" content=\"index, follow, max-snippet:-1, max-image-preview:large, max-video-preview:-1\" \/>\n<link rel=\"canonical\" href=\"https:\/\/mostrafire.com\/es\/2025-es\/proyectos-seleccionados-en-el-fire-lab-2025\/\" \/>\n<meta property=\"og:locale\" content=\"es_ES\" \/>\n<meta property=\"og:type\" content=\"article\" \/>\n<meta property=\"og:title\" content=\"Proyectos seleccionados en el FIRE!! LAB 2025 | Mostra FIRE!!\" \/>\n<meta property=\"og:description\" content=\"Tenemos el placer de presentaros los 10 proyectos seleccionados en el FIRE!! LAB 2025: 5 proyectos de largometrajes y 5 ... LLEGIR +\" \/>\n<meta property=\"og:url\" content=\"https:\/\/mostrafire.com\/es\/2025-es\/proyectos-seleccionados-en-el-fire-lab-2025\/\" \/>\n<meta property=\"og:site_name\" content=\"Mostra FIRE!!\" \/>\n<meta property=\"article:publisher\" content=\"https:\/\/www.facebook.com\/MostraFire\" \/>\n<meta property=\"article:published_time\" content=\"2025-05-30T08:00:22+00:00\" \/>\n<meta property=\"og:image\" content=\"https:\/\/mostrafire.com\/wp-content\/uploads\/2025\/05\/El-participio-del-verdo-oir.jpg\" \/>\n\t<meta property=\"og:image:width\" content=\"1200\" \/>\n\t<meta property=\"og:image:height\" content=\"632\" \/>\n\t<meta property=\"og:image:type\" content=\"image\/jpeg\" \/>\n<meta name=\"author\" content=\"antu\" \/>\n<meta name=\"twitter:card\" content=\"summary_large_image\" \/>\n<meta name=\"twitter:creator\" content=\"@mostraFire\" \/>\n<meta name=\"twitter:site\" content=\"@mostraFire\" \/>\n<meta name=\"twitter:label1\" content=\"Escrito por\" \/>\n\t<meta name=\"twitter:data1\" content=\"antu\" \/>\n\t<meta name=\"twitter:label2\" content=\"Tiempo de lectura\" \/>\n\t<meta name=\"twitter:data2\" content=\"1 minuto\" \/>\n<script type=\"application\/ld+json\" class=\"yoast-schema-graph\">{\"@context\":\"https:\\\/\\\/schema.org\",\"@graph\":[{\"@type\":\"Article\",\"@id\":\"https:\\\/\\\/mostrafire.com\\\/es\\\/2025-es\\\/proyectos-seleccionados-en-el-fire-lab-2025\\\/#article\",\"isPartOf\":{\"@id\":\"https:\\\/\\\/mostrafire.com\\\/es\\\/2025-es\\\/proyectos-seleccionados-en-el-fire-lab-2025\\\/\"},\"author\":{\"name\":\"antu\",\"@id\":\"https:\\\/\\\/mostrafire.com\\\/es\\\/#\\\/schema\\\/person\\\/c438a2b05aa3b056582f39ec8c68ef89\"},\"headline\":\"Proyectos seleccionados en el FIRE!! LAB 2025\",\"datePublished\":\"2025-05-30T08:00:22+00:00\",\"mainEntityOfPage\":{\"@id\":\"https:\\\/\\\/mostrafire.com\\\/es\\\/2025-es\\\/proyectos-seleccionados-en-el-fire-lab-2025\\\/\"},\"wordCount\":291,\"publisher\":{\"@id\":\"https:\\\/\\\/mostrafire.com\\\/es\\\/#organization\"},\"image\":{\"@id\":\"https:\\\/\\\/mostrafire.com\\\/es\\\/2025-es\\\/proyectos-seleccionados-en-el-fire-lab-2025\\\/#primaryimage\"},\"thumbnailUrl\":\"https:\\\/\\\/mostrafire.com\\\/wp-content\\\/uploads\\\/2025\\\/05\\\/El-participio-del-verdo-oir.jpg\",\"articleSection\":[\"2025\"],\"inLanguage\":\"es\"},{\"@type\":\"WebPage\",\"@id\":\"https:\\\/\\\/mostrafire.com\\\/es\\\/2025-es\\\/proyectos-seleccionados-en-el-fire-lab-2025\\\/\",\"url\":\"https:\\\/\\\/mostrafire.com\\\/es\\\/2025-es\\\/proyectos-seleccionados-en-el-fire-lab-2025\\\/\",\"name\":\"Proyectos seleccionados en el FIRE!! LAB 2025 | Mostra FIRE!!\",\"isPartOf\":{\"@id\":\"https:\\\/\\\/mostrafire.com\\\/es\\\/#website\"},\"primaryImageOfPage\":{\"@id\":\"https:\\\/\\\/mostrafire.com\\\/es\\\/2025-es\\\/proyectos-seleccionados-en-el-fire-lab-2025\\\/#primaryimage\"},\"image\":{\"@id\":\"https:\\\/\\\/mostrafire.com\\\/es\\\/2025-es\\\/proyectos-seleccionados-en-el-fire-lab-2025\\\/#primaryimage\"},\"thumbnailUrl\":\"https:\\\/\\\/mostrafire.com\\\/wp-content\\\/uploads\\\/2025\\\/05\\\/El-participio-del-verdo-oir.jpg\",\"datePublished\":\"2025-05-30T08:00:22+00:00\",\"breadcrumb\":{\"@id\":\"https:\\\/\\\/mostrafire.com\\\/es\\\/2025-es\\\/proyectos-seleccionados-en-el-fire-lab-2025\\\/#breadcrumb\"},\"inLanguage\":\"es\",\"potentialAction\":[{\"@type\":\"ReadAction\",\"target\":[\"https:\\\/\\\/mostrafire.com\\\/es\\\/2025-es\\\/proyectos-seleccionados-en-el-fire-lab-2025\\\/\"]}]},{\"@type\":\"ImageObject\",\"inLanguage\":\"es\",\"@id\":\"https:\\\/\\\/mostrafire.com\\\/es\\\/2025-es\\\/proyectos-seleccionados-en-el-fire-lab-2025\\\/#primaryimage\",\"url\":\"https:\\\/\\\/mostrafire.com\\\/wp-content\\\/uploads\\\/2025\\\/05\\\/El-participio-del-verdo-oir.jpg\",\"contentUrl\":\"https:\\\/\\\/mostrafire.com\\\/wp-content\\\/uploads\\\/2025\\\/05\\\/El-participio-del-verdo-oir.jpg\",\"width\":1200,\"height\":632,\"caption\":\"Screenshot\"},{\"@type\":\"BreadcrumbList\",\"@id\":\"https:\\\/\\\/mostrafire.com\\\/es\\\/2025-es\\\/proyectos-seleccionados-en-el-fire-lab-2025\\\/#breadcrumb\",\"itemListElement\":[{\"@type\":\"ListItem\",\"position\":1,\"name\":\"Portada\",\"item\":\"https:\\\/\\\/mostrafire.com\\\/es\\\/\"},{\"@type\":\"ListItem\",\"position\":2,\"name\":\"Proyectos seleccionados en el FIRE!! LAB 2025\"}]},{\"@type\":\"WebSite\",\"@id\":\"https:\\\/\\\/mostrafire.com\\\/es\\\/#website\",\"url\":\"https:\\\/\\\/mostrafire.com\\\/es\\\/\",\"name\":\"Mostra FIRE!!\",\"description\":\"Muestra Internacional de Cine Gay y L\u00e9sbico de Barcelona\",\"publisher\":{\"@id\":\"https:\\\/\\\/mostrafire.com\\\/es\\\/#organization\"},\"potentialAction\":[{\"@type\":\"SearchAction\",\"target\":{\"@type\":\"EntryPoint\",\"urlTemplate\":\"https:\\\/\\\/mostrafire.com\\\/es\\\/?s={search_term_string}\"},\"query-input\":{\"@type\":\"PropertyValueSpecification\",\"valueRequired\":true,\"valueName\":\"search_term_string\"}}],\"inLanguage\":\"es\"},{\"@type\":\"Organization\",\"@id\":\"https:\\\/\\\/mostrafire.com\\\/es\\\/#organization\",\"name\":\"Mostra FIRE!! Edici\u00f3 2021\",\"url\":\"https:\\\/\\\/mostrafire.com\\\/es\\\/\",\"logo\":{\"@type\":\"ImageObject\",\"inLanguage\":\"es\",\"@id\":\"https:\\\/\\\/mostrafire.com\\\/es\\\/#\\\/schema\\\/logo\\\/image\\\/\",\"url\":\"https:\\\/\\\/mostrafire.com\\\/wp-content\\\/uploads\\\/2020\\\/07\\\/Logo_landing.jpg\",\"contentUrl\":\"https:\\\/\\\/mostrafire.com\\\/wp-content\\\/uploads\\\/2020\\\/07\\\/Logo_landing.jpg\",\"width\":884,\"height\":312,\"caption\":\"Mostra FIRE!! Edici\u00f3 2021\"},\"image\":{\"@id\":\"https:\\\/\\\/mostrafire.com\\\/es\\\/#\\\/schema\\\/logo\\\/image\\\/\"},\"sameAs\":[\"https:\\\/\\\/www.facebook.com\\\/MostraFire\",\"https:\\\/\\\/x.com\\\/mostraFire\",\"https:\\\/\\\/www.instagram.com\\\/Mostrafire\\\/\",\"https:\\\/\\\/www.youtube.com\\\/user\\\/firemostra\\\/\"]},{\"@type\":\"Person\",\"@id\":\"https:\\\/\\\/mostrafire.com\\\/es\\\/#\\\/schema\\\/person\\\/c438a2b05aa3b056582f39ec8c68ef89\",\"name\":\"antu\",\"image\":{\"@type\":\"ImageObject\",\"inLanguage\":\"es\",\"@id\":\"https:\\\/\\\/secure.gravatar.com\\\/avatar\\\/aa09b0f8cfe332b1a1caa9041ccec4ae78734a7324609b3667f60d21efc62587?s=96&d=mm&r=g\",\"url\":\"https:\\\/\\\/secure.gravatar.com\\\/avatar\\\/aa09b0f8cfe332b1a1caa9041ccec4ae78734a7324609b3667f60d21efc62587?s=96&d=mm&r=g\",\"contentUrl\":\"https:\\\/\\\/secure.gravatar.com\\\/avatar\\\/aa09b0f8cfe332b1a1caa9041ccec4ae78734a7324609b3667f60d21efc62587?s=96&d=mm&r=g\",\"caption\":\"antu\"}}]}<\/script>\n<!-- \/ Yoast SEO plugin. -->","yoast_head_json":{"title":"Proyectos seleccionados en el FIRE!! LAB 2025 | Mostra FIRE!!","robots":{"index":"index","follow":"follow","max-snippet":"max-snippet:-1","max-image-preview":"max-image-preview:large","max-video-preview":"max-video-preview:-1"},"canonical":"https:\/\/mostrafire.com\/es\/2025-es\/proyectos-seleccionados-en-el-fire-lab-2025\/","og_locale":"es_ES","og_type":"article","og_title":"Proyectos seleccionados en el FIRE!! LAB 2025 | Mostra FIRE!!","og_description":"Tenemos el placer de presentaros los 10 proyectos seleccionados en el FIRE!! LAB 2025: 5 proyectos de largometrajes y 5 ... LLEGIR +","og_url":"https:\/\/mostrafire.com\/es\/2025-es\/proyectos-seleccionados-en-el-fire-lab-2025\/","og_site_name":"Mostra FIRE!!","article_publisher":"https:\/\/www.facebook.com\/MostraFire","article_published_time":"2025-05-30T08:00:22+00:00","og_image":[{"width":1200,"height":632,"url":"https:\/\/mostrafire.com\/wp-content\/uploads\/2025\/05\/El-participio-del-verdo-oir.jpg","type":"image\/jpeg"}],"author":"antu","twitter_card":"summary_large_image","twitter_creator":"@mostraFire","twitter_site":"@mostraFire","twitter_misc":{"Escrito por":"antu","Tiempo de lectura":"1 minuto"},"schema":{"@context":"https:\/\/schema.org","@graph":[{"@type":"Article","@id":"https:\/\/mostrafire.com\/es\/2025-es\/proyectos-seleccionados-en-el-fire-lab-2025\/#article","isPartOf":{"@id":"https:\/\/mostrafire.com\/es\/2025-es\/proyectos-seleccionados-en-el-fire-lab-2025\/"},"author":{"name":"antu","@id":"https:\/\/mostrafire.com\/es\/#\/schema\/person\/c438a2b05aa3b056582f39ec8c68ef89"},"headline":"Proyectos seleccionados en el FIRE!! LAB 2025","datePublished":"2025-05-30T08:00:22+00:00","mainEntityOfPage":{"@id":"https:\/\/mostrafire.com\/es\/2025-es\/proyectos-seleccionados-en-el-fire-lab-2025\/"},"wordCount":291,"publisher":{"@id":"https:\/\/mostrafire.com\/es\/#organization"},"image":{"@id":"https:\/\/mostrafire.com\/es\/2025-es\/proyectos-seleccionados-en-el-fire-lab-2025\/#primaryimage"},"thumbnailUrl":"https:\/\/mostrafire.com\/wp-content\/uploads\/2025\/05\/El-participio-del-verdo-oir.jpg","articleSection":["2025"],"inLanguage":"es"},{"@type":"WebPage","@id":"https:\/\/mostrafire.com\/es\/2025-es\/proyectos-seleccionados-en-el-fire-lab-2025\/","url":"https:\/\/mostrafire.com\/es\/2025-es\/proyectos-seleccionados-en-el-fire-lab-2025\/","name":"Proyectos seleccionados en el FIRE!! LAB 2025 | Mostra FIRE!!","isPartOf":{"@id":"https:\/\/mostrafire.com\/es\/#website"},"primaryImageOfPage":{"@id":"https:\/\/mostrafire.com\/es\/2025-es\/proyectos-seleccionados-en-el-fire-lab-2025\/#primaryimage"},"image":{"@id":"https:\/\/mostrafire.com\/es\/2025-es\/proyectos-seleccionados-en-el-fire-lab-2025\/#primaryimage"},"thumbnailUrl":"https:\/\/mostrafire.com\/wp-content\/uploads\/2025\/05\/El-participio-del-verdo-oir.jpg","datePublished":"2025-05-30T08:00:22+00:00","breadcrumb":{"@id":"https:\/\/mostrafire.com\/es\/2025-es\/proyectos-seleccionados-en-el-fire-lab-2025\/#breadcrumb"},"inLanguage":"es","potentialAction":[{"@type":"ReadAction","target":["https:\/\/mostrafire.com\/es\/2025-es\/proyectos-seleccionados-en-el-fire-lab-2025\/"]}]},{"@type":"ImageObject","inLanguage":"es","@id":"https:\/\/mostrafire.com\/es\/2025-es\/proyectos-seleccionados-en-el-fire-lab-2025\/#primaryimage","url":"https:\/\/mostrafire.com\/wp-content\/uploads\/2025\/05\/El-participio-del-verdo-oir.jpg","contentUrl":"https:\/\/mostrafire.com\/wp-content\/uploads\/2025\/05\/El-participio-del-verdo-oir.jpg","width":1200,"height":632,"caption":"Screenshot"},{"@type":"BreadcrumbList","@id":"https:\/\/mostrafire.com\/es\/2025-es\/proyectos-seleccionados-en-el-fire-lab-2025\/#breadcrumb","itemListElement":[{"@type":"ListItem","position":1,"name":"Portada","item":"https:\/\/mostrafire.com\/es\/"},{"@type":"ListItem","position":2,"name":"Proyectos seleccionados en el FIRE!! LAB 2025"}]},{"@type":"WebSite","@id":"https:\/\/mostrafire.com\/es\/#website","url":"https:\/\/mostrafire.com\/es\/","name":"Mostra FIRE!!","description":"Muestra Internacional de Cine Gay y L\u00e9sbico de Barcelona","publisher":{"@id":"https:\/\/mostrafire.com\/es\/#organization"},"potentialAction":[{"@type":"SearchAction","target":{"@type":"EntryPoint","urlTemplate":"https:\/\/mostrafire.com\/es\/?s={search_term_string}"},"query-input":{"@type":"PropertyValueSpecification","valueRequired":true,"valueName":"search_term_string"}}],"inLanguage":"es"},{"@type":"Organization","@id":"https:\/\/mostrafire.com\/es\/#organization","name":"Mostra FIRE!! Edici\u00f3 2021","url":"https:\/\/mostrafire.com\/es\/","logo":{"@type":"ImageObject","inLanguage":"es","@id":"https:\/\/mostrafire.com\/es\/#\/schema\/logo\/image\/","url":"https:\/\/mostrafire.com\/wp-content\/uploads\/2020\/07\/Logo_landing.jpg","contentUrl":"https:\/\/mostrafire.com\/wp-content\/uploads\/2020\/07\/Logo_landing.jpg","width":884,"height":312,"caption":"Mostra FIRE!! Edici\u00f3 2021"},"image":{"@id":"https:\/\/mostrafire.com\/es\/#\/schema\/logo\/image\/"},"sameAs":["https:\/\/www.facebook.com\/MostraFire","https:\/\/x.com\/mostraFire","https:\/\/www.instagram.com\/Mostrafire\/","https:\/\/www.youtube.com\/user\/firemostra\/"]},{"@type":"Person","@id":"https:\/\/mostrafire.com\/es\/#\/schema\/person\/c438a2b05aa3b056582f39ec8c68ef89","name":"antu","image":{"@type":"ImageObject","inLanguage":"es","@id":"https:\/\/secure.gravatar.com\/avatar\/aa09b0f8cfe332b1a1caa9041ccec4ae78734a7324609b3667f60d21efc62587?s=96&d=mm&r=g","url":"https:\/\/secure.gravatar.com\/avatar\/aa09b0f8cfe332b1a1caa9041ccec4ae78734a7324609b3667f60d21efc62587?s=96&d=mm&r=g","contentUrl":"https:\/\/secure.gravatar.com\/avatar\/aa09b0f8cfe332b1a1caa9041ccec4ae78734a7324609b3667f60d21efc62587?s=96&d=mm&r=g","caption":"antu"}}]}},"_links":{"self":[{"href":"https:\/\/mostrafire.com\/es\/wp-json\/wp\/v2\/posts\/59149","targetHints":{"allow":["GET"]}}],"collection":[{"href":"https:\/\/mostrafire.com\/es\/wp-json\/wp\/v2\/posts"}],"about":[{"href":"https:\/\/mostrafire.com\/es\/wp-json\/wp\/v2\/types\/post"}],"author":[{"embeddable":true,"href":"https:\/\/mostrafire.com\/es\/wp-json\/wp\/v2\/users\/4"}],"replies":[{"embeddable":true,"href":"https:\/\/mostrafire.com\/es\/wp-json\/wp\/v2\/comments?post=59149"}],"version-history":[{"count":2,"href":"https:\/\/mostrafire.com\/es\/wp-json\/wp\/v2\/posts\/59149\/revisions"}],"predecessor-version":[{"id":59154,"href":"https:\/\/mostrafire.com\/es\/wp-json\/wp\/v2\/posts\/59149\/revisions\/59154"}],"wp:featuredmedia":[{"embeddable":true,"href":"https:\/\/mostrafire.com\/es\/wp-json\/wp\/v2\/media\/59137"}],"wp:attachment":[{"href":"https:\/\/mostrafire.com\/es\/wp-json\/wp\/v2\/media?parent=59149"}],"wp:term":[{"taxonomy":"category","embeddable":true,"href":"https:\/\/mostrafire.com\/es\/wp-json\/wp\/v2\/categories?post=59149"},{"taxonomy":"post_tag","embeddable":true,"href":"https:\/\/mostrafire.com\/es\/wp-json\/wp\/v2\/tags?post=59149"}],"curies":[{"name":"wp","href":"https:\/\/api.w.org\/{rel}","templated":true}]}}