{"id":52267,"date":"2024-06-09T10:00:41","date_gmt":"2024-06-09T08:00:41","guid":{"rendered":"https:\/\/mostrafire.com\/?p=52267"},"modified":"2024-05-15T19:21:30","modified_gmt":"2024-05-15T17:21:30","slug":"the-summer-with-carmen-11-06-22h-y-el-15-06-20h-con-jose-montero-director-de-beicon","status":"publish","type":"post","link":"https:\/\/mostrafire.com\/es\/2024-es\/the-summer-with-carmen-11-06-22h-y-el-15-06-20h-con-jose-montero-director-de-beicon\/","title":{"rendered":"\u00abThe summer with Carmen\u00bb, 11\/06 (22h). Y el 15\/06 (20h), con Jos\u00e9 Montero, director de \u00abBeicon\u00bb"},"content":{"rendered":"<p>Dem\u00f3stenes se ofrece a ayudar a su mejor amigo, Nikitas, para redactar una idea en vista de su primer largometraje. Reflexionan sobre un guion inspirado en los acontecimientos del verano anterior y en una perrita llamada Carmen\u2026  <a href=\"https:\/\/mostrafire.com\/es\/pelicula\/the-summer-with-carmen\/\"><strong>Esta comedia encantadora y alegre<\/strong><\/a> \u2013 donde podemos admirar sin cansarnos de ella la pl\u00e1stica envidiable del actor protagonista, Yorgos Tsiantoulas\u2013, juega con la autoconciencia de la narrativa de una pel\u00edcula dentro de una pel\u00edcula, con h\u00e1biles gui\u00f1os a <em>Adaptation<\/em>, de Spike Jonze.<\/p>\n<p>M\u00e1s info <a href=\"https:\/\/mostrafire.com\/es\/pelicula\/the-summer-with-carmen\/\"><strong>aqu\u00ed<\/strong><\/a>.<\/p>\n","protected":false},"excerpt":{"rendered":"<p>Dem\u00f3stenes se ofrece a ayudar a su mejor amigo, Nikitas, para redactar una idea en vista de su primer largometraje. <a href=\"https:\/\/mostrafire.com\/es\/2024-es\/the-summer-with-carmen-11-06-22h-y-el-15-06-20h-con-jose-montero-director-de-beicon\/\"> &#8230; LLEGIR +<\/a><\/p>\n","protected":false},"author":4,"featured_media":52265,"comment_status":"closed","ping_status":"closed","sticky":false,"template":"","format":"standard","meta":{"footnotes":""},"categories":[881],"tags":[],"class_list":["post-52267","post","type-post","status-publish","format-standard","has-post-thumbnail","hentry","category-2024-es"],"yoast_head":"<!-- This site is optimized with the Yoast SEO plugin v27.4 - https:\/\/yoast.com\/product\/yoast-seo-wordpress\/ -->\n<title>&quot;The summer with Carmen&quot;, 11\/06 (22h). Y el 15\/06 (20h), con Jos\u00e9 Montero, director de &quot;Beicon&quot; | Mostra FIRE!!<\/title>\n<meta name=\"robots\" content=\"index, follow, max-snippet:-1, max-image-preview:large, max-video-preview:-1\" \/>\n<link rel=\"canonical\" href=\"https:\/\/mostrafire.com\/es\/2024-es\/the-summer-with-carmen-11-06-22h-y-el-15-06-20h-con-jose-montero-director-de-beicon\/\" \/>\n<meta property=\"og:locale\" content=\"es_ES\" \/>\n<meta property=\"og:type\" content=\"article\" \/>\n<meta property=\"og:title\" content=\"&quot;The summer with Carmen&quot;, 11\/06 (22h). Y el 15\/06 (20h), con Jos\u00e9 Montero, director de &quot;Beicon&quot; | Mostra FIRE!!\" \/>\n<meta property=\"og:description\" content=\"Dem\u00f3stenes se ofrece a ayudar a su mejor amigo, Nikitas, para redactar una idea en vista de su primer largometraje. ... LLEGIR +\" \/>\n<meta property=\"og:url\" content=\"https:\/\/mostrafire.com\/es\/2024-es\/the-summer-with-carmen-11-06-22h-y-el-15-06-20h-con-jose-montero-director-de-beicon\/\" \/>\n<meta property=\"og:site_name\" content=\"Mostra FIRE!!\" \/>\n<meta property=\"article:publisher\" content=\"https:\/\/www.facebook.com\/MostraFire\" \/>\n<meta property=\"article:published_time\" content=\"2024-06-09T08:00:41+00:00\" \/>\n<meta property=\"og:image\" content=\"https:\/\/mostrafire.com\/wp-content\/uploads\/2024\/05\/The-summer-with-Carmen-2.jpg\" \/>\n\t<meta property=\"og:image:width\" content=\"1200\" \/>\n\t<meta property=\"og:image:height\" content=\"632\" \/>\n\t<meta property=\"og:image:type\" content=\"image\/jpeg\" \/>\n<meta name=\"author\" content=\"antu\" \/>\n<meta name=\"twitter:card\" content=\"summary_large_image\" \/>\n<meta name=\"twitter:creator\" content=\"@mostraFire\" \/>\n<meta name=\"twitter:site\" content=\"@mostraFire\" \/>\n<meta name=\"twitter:label1\" content=\"Escrito por\" \/>\n\t<meta name=\"twitter:data1\" content=\"antu\" \/>\n<script type=\"application\/ld+json\" class=\"yoast-schema-graph\">{\"@context\":\"https:\\\/\\\/schema.org\",\"@graph\":[{\"@type\":\"Article\",\"@id\":\"https:\\\/\\\/mostrafire.com\\\/es\\\/2024-es\\\/the-summer-with-carmen-11-06-22h-y-el-15-06-20h-con-jose-montero-director-de-beicon\\\/#article\",\"isPartOf\":{\"@id\":\"https:\\\/\\\/mostrafire.com\\\/es\\\/2024-es\\\/the-summer-with-carmen-11-06-22h-y-el-15-06-20h-con-jose-montero-director-de-beicon\\\/\"},\"author\":{\"name\":\"antu\",\"@id\":\"https:\\\/\\\/mostrafire.com\\\/es\\\/#\\\/schema\\\/person\\\/c438a2b05aa3b056582f39ec8c68ef89\"},\"headline\":\"\u00abThe summer with Carmen\u00bb, 11\\\/06 (22h). Y el 15\\\/06 (20h), con Jos\u00e9 Montero, director de \u00abBeicon\u00bb\",\"datePublished\":\"2024-06-09T08:00:41+00:00\",\"mainEntityOfPage\":{\"@id\":\"https:\\\/\\\/mostrafire.com\\\/es\\\/2024-es\\\/the-summer-with-carmen-11-06-22h-y-el-15-06-20h-con-jose-montero-director-de-beicon\\\/\"},\"wordCount\":103,\"publisher\":{\"@id\":\"https:\\\/\\\/mostrafire.com\\\/es\\\/#organization\"},\"image\":{\"@id\":\"https:\\\/\\\/mostrafire.com\\\/es\\\/2024-es\\\/the-summer-with-carmen-11-06-22h-y-el-15-06-20h-con-jose-montero-director-de-beicon\\\/#primaryimage\"},\"thumbnailUrl\":\"https:\\\/\\\/mostrafire.com\\\/wp-content\\\/uploads\\\/2024\\\/05\\\/The-summer-with-Carmen-2.jpg\",\"articleSection\":[\"2024\"],\"inLanguage\":\"es\"},{\"@type\":\"WebPage\",\"@id\":\"https:\\\/\\\/mostrafire.com\\\/es\\\/2024-es\\\/the-summer-with-carmen-11-06-22h-y-el-15-06-20h-con-jose-montero-director-de-beicon\\\/\",\"url\":\"https:\\\/\\\/mostrafire.com\\\/es\\\/2024-es\\\/the-summer-with-carmen-11-06-22h-y-el-15-06-20h-con-jose-montero-director-de-beicon\\\/\",\"name\":\"\\\"The summer with Carmen\\\", 11\\\/06 (22h). Y el 15\\\/06 (20h), con Jos\u00e9 Montero, director de \\\"Beicon\\\" | Mostra FIRE!!\",\"isPartOf\":{\"@id\":\"https:\\\/\\\/mostrafire.com\\\/es\\\/#website\"},\"primaryImageOfPage\":{\"@id\":\"https:\\\/\\\/mostrafire.com\\\/es\\\/2024-es\\\/the-summer-with-carmen-11-06-22h-y-el-15-06-20h-con-jose-montero-director-de-beicon\\\/#primaryimage\"},\"image\":{\"@id\":\"https:\\\/\\\/mostrafire.com\\\/es\\\/2024-es\\\/the-summer-with-carmen-11-06-22h-y-el-15-06-20h-con-jose-montero-director-de-beicon\\\/#primaryimage\"},\"thumbnailUrl\":\"https:\\\/\\\/mostrafire.com\\\/wp-content\\\/uploads\\\/2024\\\/05\\\/The-summer-with-Carmen-2.jpg\",\"datePublished\":\"2024-06-09T08:00:41+00:00\",\"breadcrumb\":{\"@id\":\"https:\\\/\\\/mostrafire.com\\\/es\\\/2024-es\\\/the-summer-with-carmen-11-06-22h-y-el-15-06-20h-con-jose-montero-director-de-beicon\\\/#breadcrumb\"},\"inLanguage\":\"es\",\"potentialAction\":[{\"@type\":\"ReadAction\",\"target\":[\"https:\\\/\\\/mostrafire.com\\\/es\\\/2024-es\\\/the-summer-with-carmen-11-06-22h-y-el-15-06-20h-con-jose-montero-director-de-beicon\\\/\"]}]},{\"@type\":\"ImageObject\",\"inLanguage\":\"es\",\"@id\":\"https:\\\/\\\/mostrafire.com\\\/es\\\/2024-es\\\/the-summer-with-carmen-11-06-22h-y-el-15-06-20h-con-jose-montero-director-de-beicon\\\/#primaryimage\",\"url\":\"https:\\\/\\\/mostrafire.com\\\/wp-content\\\/uploads\\\/2024\\\/05\\\/The-summer-with-Carmen-2.jpg\",\"contentUrl\":\"https:\\\/\\\/mostrafire.com\\\/wp-content\\\/uploads\\\/2024\\\/05\\\/The-summer-with-Carmen-2.jpg\",\"width\":1200,\"height\":632,\"caption\":\"Screenshot\"},{\"@type\":\"BreadcrumbList\",\"@id\":\"https:\\\/\\\/mostrafire.com\\\/es\\\/2024-es\\\/the-summer-with-carmen-11-06-22h-y-el-15-06-20h-con-jose-montero-director-de-beicon\\\/#breadcrumb\",\"itemListElement\":[{\"@type\":\"ListItem\",\"position\":1,\"name\":\"Portada\",\"item\":\"https:\\\/\\\/mostrafire.com\\\/es\\\/\"},{\"@type\":\"ListItem\",\"position\":2,\"name\":\"\u00abThe summer with Carmen\u00bb, 11\\\/06 (22h). Y el 15\\\/06 (20h), con Jos\u00e9 Montero, director de \u00abBeicon\u00bb\"}]},{\"@type\":\"WebSite\",\"@id\":\"https:\\\/\\\/mostrafire.com\\\/es\\\/#website\",\"url\":\"https:\\\/\\\/mostrafire.com\\\/es\\\/\",\"name\":\"Mostra FIRE!!\",\"description\":\"Muestra Internacional de Cine Gay y L\u00e9sbico de Barcelona\",\"publisher\":{\"@id\":\"https:\\\/\\\/mostrafire.com\\\/es\\\/#organization\"},\"potentialAction\":[{\"@type\":\"SearchAction\",\"target\":{\"@type\":\"EntryPoint\",\"urlTemplate\":\"https:\\\/\\\/mostrafire.com\\\/es\\\/?s={search_term_string}\"},\"query-input\":{\"@type\":\"PropertyValueSpecification\",\"valueRequired\":true,\"valueName\":\"search_term_string\"}}],\"inLanguage\":\"es\"},{\"@type\":\"Organization\",\"@id\":\"https:\\\/\\\/mostrafire.com\\\/es\\\/#organization\",\"name\":\"Mostra FIRE!! Edici\u00f3 2021\",\"url\":\"https:\\\/\\\/mostrafire.com\\\/es\\\/\",\"logo\":{\"@type\":\"ImageObject\",\"inLanguage\":\"es\",\"@id\":\"https:\\\/\\\/mostrafire.com\\\/es\\\/#\\\/schema\\\/logo\\\/image\\\/\",\"url\":\"https:\\\/\\\/mostrafire.com\\\/wp-content\\\/uploads\\\/2020\\\/07\\\/Logo_landing.jpg\",\"contentUrl\":\"https:\\\/\\\/mostrafire.com\\\/wp-content\\\/uploads\\\/2020\\\/07\\\/Logo_landing.jpg\",\"width\":884,\"height\":312,\"caption\":\"Mostra FIRE!! Edici\u00f3 2021\"},\"image\":{\"@id\":\"https:\\\/\\\/mostrafire.com\\\/es\\\/#\\\/schema\\\/logo\\\/image\\\/\"},\"sameAs\":[\"https:\\\/\\\/www.facebook.com\\\/MostraFire\",\"https:\\\/\\\/x.com\\\/mostraFire\",\"https:\\\/\\\/www.instagram.com\\\/Mostrafire\\\/\",\"https:\\\/\\\/www.youtube.com\\\/user\\\/firemostra\\\/\"]},{\"@type\":\"Person\",\"@id\":\"https:\\\/\\\/mostrafire.com\\\/es\\\/#\\\/schema\\\/person\\\/c438a2b05aa3b056582f39ec8c68ef89\",\"name\":\"antu\",\"image\":{\"@type\":\"ImageObject\",\"inLanguage\":\"es\",\"@id\":\"https:\\\/\\\/secure.gravatar.com\\\/avatar\\\/aa09b0f8cfe332b1a1caa9041ccec4ae78734a7324609b3667f60d21efc62587?s=96&d=mm&r=g\",\"url\":\"https:\\\/\\\/secure.gravatar.com\\\/avatar\\\/aa09b0f8cfe332b1a1caa9041ccec4ae78734a7324609b3667f60d21efc62587?s=96&d=mm&r=g\",\"contentUrl\":\"https:\\\/\\\/secure.gravatar.com\\\/avatar\\\/aa09b0f8cfe332b1a1caa9041ccec4ae78734a7324609b3667f60d21efc62587?s=96&d=mm&r=g\",\"caption\":\"antu\"}}]}<\/script>\n<!-- \/ Yoast SEO plugin. -->","yoast_head_json":{"title":"\"The summer with Carmen\", 11\/06 (22h). Y el 15\/06 (20h), con Jos\u00e9 Montero, director de \"Beicon\" | Mostra FIRE!!","robots":{"index":"index","follow":"follow","max-snippet":"max-snippet:-1","max-image-preview":"max-image-preview:large","max-video-preview":"max-video-preview:-1"},"canonical":"https:\/\/mostrafire.com\/es\/2024-es\/the-summer-with-carmen-11-06-22h-y-el-15-06-20h-con-jose-montero-director-de-beicon\/","og_locale":"es_ES","og_type":"article","og_title":"\"The summer with Carmen\", 11\/06 (22h). Y el 15\/06 (20h), con Jos\u00e9 Montero, director de \"Beicon\" | Mostra FIRE!!","og_description":"Dem\u00f3stenes se ofrece a ayudar a su mejor amigo, Nikitas, para redactar una idea en vista de su primer largometraje. ... LLEGIR +","og_url":"https:\/\/mostrafire.com\/es\/2024-es\/the-summer-with-carmen-11-06-22h-y-el-15-06-20h-con-jose-montero-director-de-beicon\/","og_site_name":"Mostra FIRE!!","article_publisher":"https:\/\/www.facebook.com\/MostraFire","article_published_time":"2024-06-09T08:00:41+00:00","og_image":[{"width":1200,"height":632,"url":"https:\/\/mostrafire.com\/wp-content\/uploads\/2024\/05\/The-summer-with-Carmen-2.jpg","type":"image\/jpeg"}],"author":"antu","twitter_card":"summary_large_image","twitter_creator":"@mostraFire","twitter_site":"@mostraFire","twitter_misc":{"Escrito por":"antu"},"schema":{"@context":"https:\/\/schema.org","@graph":[{"@type":"Article","@id":"https:\/\/mostrafire.com\/es\/2024-es\/the-summer-with-carmen-11-06-22h-y-el-15-06-20h-con-jose-montero-director-de-beicon\/#article","isPartOf":{"@id":"https:\/\/mostrafire.com\/es\/2024-es\/the-summer-with-carmen-11-06-22h-y-el-15-06-20h-con-jose-montero-director-de-beicon\/"},"author":{"name":"antu","@id":"https:\/\/mostrafire.com\/es\/#\/schema\/person\/c438a2b05aa3b056582f39ec8c68ef89"},"headline":"\u00abThe summer with Carmen\u00bb, 11\/06 (22h). Y el 15\/06 (20h), con Jos\u00e9 Montero, director de \u00abBeicon\u00bb","datePublished":"2024-06-09T08:00:41+00:00","mainEntityOfPage":{"@id":"https:\/\/mostrafire.com\/es\/2024-es\/the-summer-with-carmen-11-06-22h-y-el-15-06-20h-con-jose-montero-director-de-beicon\/"},"wordCount":103,"publisher":{"@id":"https:\/\/mostrafire.com\/es\/#organization"},"image":{"@id":"https:\/\/mostrafire.com\/es\/2024-es\/the-summer-with-carmen-11-06-22h-y-el-15-06-20h-con-jose-montero-director-de-beicon\/#primaryimage"},"thumbnailUrl":"https:\/\/mostrafire.com\/wp-content\/uploads\/2024\/05\/The-summer-with-Carmen-2.jpg","articleSection":["2024"],"inLanguage":"es"},{"@type":"WebPage","@id":"https:\/\/mostrafire.com\/es\/2024-es\/the-summer-with-carmen-11-06-22h-y-el-15-06-20h-con-jose-montero-director-de-beicon\/","url":"https:\/\/mostrafire.com\/es\/2024-es\/the-summer-with-carmen-11-06-22h-y-el-15-06-20h-con-jose-montero-director-de-beicon\/","name":"\"The summer with Carmen\", 11\/06 (22h). Y el 15\/06 (20h), con Jos\u00e9 Montero, director de \"Beicon\" | Mostra FIRE!!","isPartOf":{"@id":"https:\/\/mostrafire.com\/es\/#website"},"primaryImageOfPage":{"@id":"https:\/\/mostrafire.com\/es\/2024-es\/the-summer-with-carmen-11-06-22h-y-el-15-06-20h-con-jose-montero-director-de-beicon\/#primaryimage"},"image":{"@id":"https:\/\/mostrafire.com\/es\/2024-es\/the-summer-with-carmen-11-06-22h-y-el-15-06-20h-con-jose-montero-director-de-beicon\/#primaryimage"},"thumbnailUrl":"https:\/\/mostrafire.com\/wp-content\/uploads\/2024\/05\/The-summer-with-Carmen-2.jpg","datePublished":"2024-06-09T08:00:41+00:00","breadcrumb":{"@id":"https:\/\/mostrafire.com\/es\/2024-es\/the-summer-with-carmen-11-06-22h-y-el-15-06-20h-con-jose-montero-director-de-beicon\/#breadcrumb"},"inLanguage":"es","potentialAction":[{"@type":"ReadAction","target":["https:\/\/mostrafire.com\/es\/2024-es\/the-summer-with-carmen-11-06-22h-y-el-15-06-20h-con-jose-montero-director-de-beicon\/"]}]},{"@type":"ImageObject","inLanguage":"es","@id":"https:\/\/mostrafire.com\/es\/2024-es\/the-summer-with-carmen-11-06-22h-y-el-15-06-20h-con-jose-montero-director-de-beicon\/#primaryimage","url":"https:\/\/mostrafire.com\/wp-content\/uploads\/2024\/05\/The-summer-with-Carmen-2.jpg","contentUrl":"https:\/\/mostrafire.com\/wp-content\/uploads\/2024\/05\/The-summer-with-Carmen-2.jpg","width":1200,"height":632,"caption":"Screenshot"},{"@type":"BreadcrumbList","@id":"https:\/\/mostrafire.com\/es\/2024-es\/the-summer-with-carmen-11-06-22h-y-el-15-06-20h-con-jose-montero-director-de-beicon\/#breadcrumb","itemListElement":[{"@type":"ListItem","position":1,"name":"Portada","item":"https:\/\/mostrafire.com\/es\/"},{"@type":"ListItem","position":2,"name":"\u00abThe summer with Carmen\u00bb, 11\/06 (22h). Y el 15\/06 (20h), con Jos\u00e9 Montero, director de \u00abBeicon\u00bb"}]},{"@type":"WebSite","@id":"https:\/\/mostrafire.com\/es\/#website","url":"https:\/\/mostrafire.com\/es\/","name":"Mostra FIRE!!","description":"Muestra Internacional de Cine Gay y L\u00e9sbico de Barcelona","publisher":{"@id":"https:\/\/mostrafire.com\/es\/#organization"},"potentialAction":[{"@type":"SearchAction","target":{"@type":"EntryPoint","urlTemplate":"https:\/\/mostrafire.com\/es\/?s={search_term_string}"},"query-input":{"@type":"PropertyValueSpecification","valueRequired":true,"valueName":"search_term_string"}}],"inLanguage":"es"},{"@type":"Organization","@id":"https:\/\/mostrafire.com\/es\/#organization","name":"Mostra FIRE!! Edici\u00f3 2021","url":"https:\/\/mostrafire.com\/es\/","logo":{"@type":"ImageObject","inLanguage":"es","@id":"https:\/\/mostrafire.com\/es\/#\/schema\/logo\/image\/","url":"https:\/\/mostrafire.com\/wp-content\/uploads\/2020\/07\/Logo_landing.jpg","contentUrl":"https:\/\/mostrafire.com\/wp-content\/uploads\/2020\/07\/Logo_landing.jpg","width":884,"height":312,"caption":"Mostra FIRE!! Edici\u00f3 2021"},"image":{"@id":"https:\/\/mostrafire.com\/es\/#\/schema\/logo\/image\/"},"sameAs":["https:\/\/www.facebook.com\/MostraFire","https:\/\/x.com\/mostraFire","https:\/\/www.instagram.com\/Mostrafire\/","https:\/\/www.youtube.com\/user\/firemostra\/"]},{"@type":"Person","@id":"https:\/\/mostrafire.com\/es\/#\/schema\/person\/c438a2b05aa3b056582f39ec8c68ef89","name":"antu","image":{"@type":"ImageObject","inLanguage":"es","@id":"https:\/\/secure.gravatar.com\/avatar\/aa09b0f8cfe332b1a1caa9041ccec4ae78734a7324609b3667f60d21efc62587?s=96&d=mm&r=g","url":"https:\/\/secure.gravatar.com\/avatar\/aa09b0f8cfe332b1a1caa9041ccec4ae78734a7324609b3667f60d21efc62587?s=96&d=mm&r=g","contentUrl":"https:\/\/secure.gravatar.com\/avatar\/aa09b0f8cfe332b1a1caa9041ccec4ae78734a7324609b3667f60d21efc62587?s=96&d=mm&r=g","caption":"antu"}}]}},"_links":{"self":[{"href":"https:\/\/mostrafire.com\/es\/wp-json\/wp\/v2\/posts\/52267","targetHints":{"allow":["GET"]}}],"collection":[{"href":"https:\/\/mostrafire.com\/es\/wp-json\/wp\/v2\/posts"}],"about":[{"href":"https:\/\/mostrafire.com\/es\/wp-json\/wp\/v2\/types\/post"}],"author":[{"embeddable":true,"href":"https:\/\/mostrafire.com\/es\/wp-json\/wp\/v2\/users\/4"}],"replies":[{"embeddable":true,"href":"https:\/\/mostrafire.com\/es\/wp-json\/wp\/v2\/comments?post=52267"}],"version-history":[{"count":0,"href":"https:\/\/mostrafire.com\/es\/wp-json\/wp\/v2\/posts\/52267\/revisions"}],"wp:featuredmedia":[{"embeddable":true,"href":"https:\/\/mostrafire.com\/es\/wp-json\/wp\/v2\/media\/52265"}],"wp:attachment":[{"href":"https:\/\/mostrafire.com\/es\/wp-json\/wp\/v2\/media?parent=52267"}],"wp:term":[{"taxonomy":"category","embeddable":true,"href":"https:\/\/mostrafire.com\/es\/wp-json\/wp\/v2\/categories?post=52267"},{"taxonomy":"post_tag","embeddable":true,"href":"https:\/\/mostrafire.com\/es\/wp-json\/wp\/v2\/tags?post=52267"}],"curies":[{"name":"wp","href":"https:\/\/api.w.org\/{rel}","templated":true}]}}