{"id":41405,"date":"2023-06-03T10:00:08","date_gmt":"2023-06-03T08:00:08","guid":{"rendered":"https:\/\/mostrafire.com\/?p=41405"},"modified":"2023-05-17T21:34:52","modified_gmt":"2023-05-17T19:34:52","slug":"los-agitadores-sabado-10-06-20h","status":"publish","type":"post","link":"https:\/\/mostrafire.com\/es\/2023-es\/los-agitadores-sabado-10-06-20h\/","title":{"rendered":"\u201cLos agitadores\u201d, s\u00e1bado 10.06 a les 20h"},"content":{"rendered":"<p>Son las vacaciones de Navidad y Andy pasa un tiempo en una villa de lujo con sus mejores amigos. Los d\u00edas pasados \u200b\u200ben compa\u00f1\u00eda masculina fomentan las bromas ocasionales, pero revela que cada uno tiene diferentes l\u00edmites personales. Desde <i>Plan B<\/i>, Marco Berger ha mostrado un inter\u00e9s continuo por la representaci\u00f3n de las fantas\u00edas er\u00f3ticas, y <a href=\"https:\/\/mostrafire.com\/es\/pelicula\/los-agitadores\/\"><b><i>Los agitadores<\/i><\/b><\/a> no es una excepci\u00f3n. Una vez m\u00e1s, el cineasta argentino presenta una historia pol\u00edtica subversiva, esta vez centr\u00e1ndose en la masculinidad en su forma peligrosamente t\u00f3xica. M\u00e1s info <b>&gt; <\/b><a href=\"https:\/\/mostrafire.com\/es\/pelicula\/los-agitadores\/\"><b>aqu\u00ed<\/b><\/a>.<\/p>\n","protected":false},"excerpt":{"rendered":"<p>Son las vacaciones de Navidad y Andy pasa un tiempo en una villa de lujo con sus mejores amigos. Los <a href=\"https:\/\/mostrafire.com\/es\/2023-es\/los-agitadores-sabado-10-06-20h\/\"> &#8230; LLEGIR +<\/a><\/p>\n","protected":false},"author":4,"featured_media":41404,"comment_status":"closed","ping_status":"closed","sticky":false,"template":"","format":"standard","meta":{"footnotes":""},"categories":[635],"tags":[],"class_list":["post-41405","post","type-post","status-publish","format-standard","has-post-thumbnail","hentry","category-2023-es"],"yoast_head":"<!-- This site is optimized with the Yoast SEO plugin v27.4 - https:\/\/yoast.com\/product\/yoast-seo-wordpress\/ -->\n<title>\u201cLos agitadores\u201d, s\u00e1bado 10.06 a les 20h | Mostra FIRE!!<\/title>\n<meta name=\"description\" content=\"\u201cLos agitadores\u201d, s\u00e1bado 10.06 a les 20h\" \/>\n<meta name=\"robots\" content=\"index, follow, max-snippet:-1, max-image-preview:large, max-video-preview:-1\" \/>\n<link rel=\"canonical\" href=\"https:\/\/mostrafire.com\/es\/2023-es\/los-agitadores-sabado-10-06-20h\/\" \/>\n<meta property=\"og:locale\" content=\"es_ES\" \/>\n<meta property=\"og:type\" content=\"article\" \/>\n<meta property=\"og:title\" content=\"\u201cLos agitadores\u201d, s\u00e1bado 10.06 a les 20h | Mostra FIRE!!\" \/>\n<meta property=\"og:description\" content=\"\u201cLos agitadores\u201d, s\u00e1bado 10.06 a les 20h\" \/>\n<meta property=\"og:url\" content=\"https:\/\/mostrafire.com\/es\/2023-es\/los-agitadores-sabado-10-06-20h\/\" \/>\n<meta property=\"og:site_name\" content=\"Mostra FIRE!!\" \/>\n<meta property=\"article:publisher\" content=\"https:\/\/www.facebook.com\/MostraFire\" \/>\n<meta property=\"article:published_time\" content=\"2023-06-03T08:00:08+00:00\" \/>\n<meta property=\"og:image\" content=\"https:\/\/mostrafire.com\/wp-content\/uploads\/2023\/05\/Los-agitadores-2.jpg\" \/>\n\t<meta property=\"og:image:width\" content=\"1200\" \/>\n\t<meta property=\"og:image:height\" content=\"632\" \/>\n\t<meta property=\"og:image:type\" content=\"image\/jpeg\" \/>\n<meta name=\"author\" content=\"antu\" \/>\n<meta name=\"twitter:card\" content=\"summary_large_image\" \/>\n<meta name=\"twitter:creator\" content=\"@mostraFire\" \/>\n<meta name=\"twitter:site\" content=\"@mostraFire\" \/>\n<meta name=\"twitter:label1\" content=\"Escrito por\" \/>\n\t<meta name=\"twitter:data1\" content=\"antu\" \/>\n\t<meta name=\"twitter:label2\" content=\"Tiempo de lectura\" \/>\n\t<meta name=\"twitter:data2\" content=\"1 minuto\" \/>\n<script type=\"application\/ld+json\" class=\"yoast-schema-graph\">{\"@context\":\"https:\\\/\\\/schema.org\",\"@graph\":[{\"@type\":\"Article\",\"@id\":\"https:\\\/\\\/mostrafire.com\\\/es\\\/2023-es\\\/los-agitadores-sabado-10-06-20h\\\/#article\",\"isPartOf\":{\"@id\":\"https:\\\/\\\/mostrafire.com\\\/es\\\/2023-es\\\/los-agitadores-sabado-10-06-20h\\\/\"},\"author\":{\"name\":\"antu\",\"@id\":\"https:\\\/\\\/mostrafire.com\\\/es\\\/#\\\/schema\\\/person\\\/c438a2b05aa3b056582f39ec8c68ef89\"},\"headline\":\"\u201cLos agitadores\u201d, s\u00e1bado 10.06 a les 20h\",\"datePublished\":\"2023-06-03T08:00:08+00:00\",\"mainEntityOfPage\":{\"@id\":\"https:\\\/\\\/mostrafire.com\\\/es\\\/2023-es\\\/los-agitadores-sabado-10-06-20h\\\/\"},\"wordCount\":108,\"publisher\":{\"@id\":\"https:\\\/\\\/mostrafire.com\\\/es\\\/#organization\"},\"image\":{\"@id\":\"https:\\\/\\\/mostrafire.com\\\/es\\\/2023-es\\\/los-agitadores-sabado-10-06-20h\\\/#primaryimage\"},\"thumbnailUrl\":\"https:\\\/\\\/mostrafire.com\\\/wp-content\\\/uploads\\\/2023\\\/05\\\/Los-agitadores-2.jpg\",\"articleSection\":[\"2023\"],\"inLanguage\":\"es\"},{\"@type\":\"WebPage\",\"@id\":\"https:\\\/\\\/mostrafire.com\\\/es\\\/2023-es\\\/los-agitadores-sabado-10-06-20h\\\/\",\"url\":\"https:\\\/\\\/mostrafire.com\\\/es\\\/2023-es\\\/los-agitadores-sabado-10-06-20h\\\/\",\"name\":\"\u201cLos agitadores\u201d, s\u00e1bado 10.06 a les 20h | Mostra FIRE!!\",\"isPartOf\":{\"@id\":\"https:\\\/\\\/mostrafire.com\\\/es\\\/#website\"},\"primaryImageOfPage\":{\"@id\":\"https:\\\/\\\/mostrafire.com\\\/es\\\/2023-es\\\/los-agitadores-sabado-10-06-20h\\\/#primaryimage\"},\"image\":{\"@id\":\"https:\\\/\\\/mostrafire.com\\\/es\\\/2023-es\\\/los-agitadores-sabado-10-06-20h\\\/#primaryimage\"},\"thumbnailUrl\":\"https:\\\/\\\/mostrafire.com\\\/wp-content\\\/uploads\\\/2023\\\/05\\\/Los-agitadores-2.jpg\",\"datePublished\":\"2023-06-03T08:00:08+00:00\",\"description\":\"\u201cLos agitadores\u201d, s\u00e1bado 10.06 a les 20h\",\"breadcrumb\":{\"@id\":\"https:\\\/\\\/mostrafire.com\\\/es\\\/2023-es\\\/los-agitadores-sabado-10-06-20h\\\/#breadcrumb\"},\"inLanguage\":\"es\",\"potentialAction\":[{\"@type\":\"ReadAction\",\"target\":[\"https:\\\/\\\/mostrafire.com\\\/es\\\/2023-es\\\/los-agitadores-sabado-10-06-20h\\\/\"]}]},{\"@type\":\"ImageObject\",\"inLanguage\":\"es\",\"@id\":\"https:\\\/\\\/mostrafire.com\\\/es\\\/2023-es\\\/los-agitadores-sabado-10-06-20h\\\/#primaryimage\",\"url\":\"https:\\\/\\\/mostrafire.com\\\/wp-content\\\/uploads\\\/2023\\\/05\\\/Los-agitadores-2.jpg\",\"contentUrl\":\"https:\\\/\\\/mostrafire.com\\\/wp-content\\\/uploads\\\/2023\\\/05\\\/Los-agitadores-2.jpg\",\"width\":1200,\"height\":632},{\"@type\":\"BreadcrumbList\",\"@id\":\"https:\\\/\\\/mostrafire.com\\\/es\\\/2023-es\\\/los-agitadores-sabado-10-06-20h\\\/#breadcrumb\",\"itemListElement\":[{\"@type\":\"ListItem\",\"position\":1,\"name\":\"Portada\",\"item\":\"https:\\\/\\\/mostrafire.com\\\/es\\\/\"},{\"@type\":\"ListItem\",\"position\":2,\"name\":\"\u201cLos agitadores\u201d, s\u00e1bado 10.06 a les 20h\"}]},{\"@type\":\"WebSite\",\"@id\":\"https:\\\/\\\/mostrafire.com\\\/es\\\/#website\",\"url\":\"https:\\\/\\\/mostrafire.com\\\/es\\\/\",\"name\":\"Mostra FIRE!!\",\"description\":\"Muestra Internacional de Cine Gay y L\u00e9sbico de Barcelona\",\"publisher\":{\"@id\":\"https:\\\/\\\/mostrafire.com\\\/es\\\/#organization\"},\"potentialAction\":[{\"@type\":\"SearchAction\",\"target\":{\"@type\":\"EntryPoint\",\"urlTemplate\":\"https:\\\/\\\/mostrafire.com\\\/es\\\/?s={search_term_string}\"},\"query-input\":{\"@type\":\"PropertyValueSpecification\",\"valueRequired\":true,\"valueName\":\"search_term_string\"}}],\"inLanguage\":\"es\"},{\"@type\":\"Organization\",\"@id\":\"https:\\\/\\\/mostrafire.com\\\/es\\\/#organization\",\"name\":\"Mostra FIRE!! Edici\u00f3 2021\",\"url\":\"https:\\\/\\\/mostrafire.com\\\/es\\\/\",\"logo\":{\"@type\":\"ImageObject\",\"inLanguage\":\"es\",\"@id\":\"https:\\\/\\\/mostrafire.com\\\/es\\\/#\\\/schema\\\/logo\\\/image\\\/\",\"url\":\"https:\\\/\\\/mostrafire.com\\\/wp-content\\\/uploads\\\/2020\\\/07\\\/Logo_landing.jpg\",\"contentUrl\":\"https:\\\/\\\/mostrafire.com\\\/wp-content\\\/uploads\\\/2020\\\/07\\\/Logo_landing.jpg\",\"width\":884,\"height\":312,\"caption\":\"Mostra FIRE!! Edici\u00f3 2021\"},\"image\":{\"@id\":\"https:\\\/\\\/mostrafire.com\\\/es\\\/#\\\/schema\\\/logo\\\/image\\\/\"},\"sameAs\":[\"https:\\\/\\\/www.facebook.com\\\/MostraFire\",\"https:\\\/\\\/x.com\\\/mostraFire\",\"https:\\\/\\\/www.instagram.com\\\/Mostrafire\\\/\",\"https:\\\/\\\/www.youtube.com\\\/user\\\/firemostra\\\/\"]},{\"@type\":\"Person\",\"@id\":\"https:\\\/\\\/mostrafire.com\\\/es\\\/#\\\/schema\\\/person\\\/c438a2b05aa3b056582f39ec8c68ef89\",\"name\":\"antu\",\"image\":{\"@type\":\"ImageObject\",\"inLanguage\":\"es\",\"@id\":\"https:\\\/\\\/secure.gravatar.com\\\/avatar\\\/aa09b0f8cfe332b1a1caa9041ccec4ae78734a7324609b3667f60d21efc62587?s=96&d=mm&r=g\",\"url\":\"https:\\\/\\\/secure.gravatar.com\\\/avatar\\\/aa09b0f8cfe332b1a1caa9041ccec4ae78734a7324609b3667f60d21efc62587?s=96&d=mm&r=g\",\"contentUrl\":\"https:\\\/\\\/secure.gravatar.com\\\/avatar\\\/aa09b0f8cfe332b1a1caa9041ccec4ae78734a7324609b3667f60d21efc62587?s=96&d=mm&r=g\",\"caption\":\"antu\"}}]}<\/script>\n<!-- \/ Yoast SEO plugin. -->","yoast_head_json":{"title":"\u201cLos agitadores\u201d, s\u00e1bado 10.06 a les 20h | Mostra FIRE!!","description":"\u201cLos agitadores\u201d, s\u00e1bado 10.06 a les 20h","robots":{"index":"index","follow":"follow","max-snippet":"max-snippet:-1","max-image-preview":"max-image-preview:large","max-video-preview":"max-video-preview:-1"},"canonical":"https:\/\/mostrafire.com\/es\/2023-es\/los-agitadores-sabado-10-06-20h\/","og_locale":"es_ES","og_type":"article","og_title":"\u201cLos agitadores\u201d, s\u00e1bado 10.06 a les 20h | Mostra FIRE!!","og_description":"\u201cLos agitadores\u201d, s\u00e1bado 10.06 a les 20h","og_url":"https:\/\/mostrafire.com\/es\/2023-es\/los-agitadores-sabado-10-06-20h\/","og_site_name":"Mostra FIRE!!","article_publisher":"https:\/\/www.facebook.com\/MostraFire","article_published_time":"2023-06-03T08:00:08+00:00","og_image":[{"width":1200,"height":632,"url":"https:\/\/mostrafire.com\/wp-content\/uploads\/2023\/05\/Los-agitadores-2.jpg","type":"image\/jpeg"}],"author":"antu","twitter_card":"summary_large_image","twitter_creator":"@mostraFire","twitter_site":"@mostraFire","twitter_misc":{"Escrito por":"antu","Tiempo de lectura":"1 minuto"},"schema":{"@context":"https:\/\/schema.org","@graph":[{"@type":"Article","@id":"https:\/\/mostrafire.com\/es\/2023-es\/los-agitadores-sabado-10-06-20h\/#article","isPartOf":{"@id":"https:\/\/mostrafire.com\/es\/2023-es\/los-agitadores-sabado-10-06-20h\/"},"author":{"name":"antu","@id":"https:\/\/mostrafire.com\/es\/#\/schema\/person\/c438a2b05aa3b056582f39ec8c68ef89"},"headline":"\u201cLos agitadores\u201d, s\u00e1bado 10.06 a les 20h","datePublished":"2023-06-03T08:00:08+00:00","mainEntityOfPage":{"@id":"https:\/\/mostrafire.com\/es\/2023-es\/los-agitadores-sabado-10-06-20h\/"},"wordCount":108,"publisher":{"@id":"https:\/\/mostrafire.com\/es\/#organization"},"image":{"@id":"https:\/\/mostrafire.com\/es\/2023-es\/los-agitadores-sabado-10-06-20h\/#primaryimage"},"thumbnailUrl":"https:\/\/mostrafire.com\/wp-content\/uploads\/2023\/05\/Los-agitadores-2.jpg","articleSection":["2023"],"inLanguage":"es"},{"@type":"WebPage","@id":"https:\/\/mostrafire.com\/es\/2023-es\/los-agitadores-sabado-10-06-20h\/","url":"https:\/\/mostrafire.com\/es\/2023-es\/los-agitadores-sabado-10-06-20h\/","name":"\u201cLos agitadores\u201d, s\u00e1bado 10.06 a les 20h | Mostra FIRE!!","isPartOf":{"@id":"https:\/\/mostrafire.com\/es\/#website"},"primaryImageOfPage":{"@id":"https:\/\/mostrafire.com\/es\/2023-es\/los-agitadores-sabado-10-06-20h\/#primaryimage"},"image":{"@id":"https:\/\/mostrafire.com\/es\/2023-es\/los-agitadores-sabado-10-06-20h\/#primaryimage"},"thumbnailUrl":"https:\/\/mostrafire.com\/wp-content\/uploads\/2023\/05\/Los-agitadores-2.jpg","datePublished":"2023-06-03T08:00:08+00:00","description":"\u201cLos agitadores\u201d, s\u00e1bado 10.06 a les 20h","breadcrumb":{"@id":"https:\/\/mostrafire.com\/es\/2023-es\/los-agitadores-sabado-10-06-20h\/#breadcrumb"},"inLanguage":"es","potentialAction":[{"@type":"ReadAction","target":["https:\/\/mostrafire.com\/es\/2023-es\/los-agitadores-sabado-10-06-20h\/"]}]},{"@type":"ImageObject","inLanguage":"es","@id":"https:\/\/mostrafire.com\/es\/2023-es\/los-agitadores-sabado-10-06-20h\/#primaryimage","url":"https:\/\/mostrafire.com\/wp-content\/uploads\/2023\/05\/Los-agitadores-2.jpg","contentUrl":"https:\/\/mostrafire.com\/wp-content\/uploads\/2023\/05\/Los-agitadores-2.jpg","width":1200,"height":632},{"@type":"BreadcrumbList","@id":"https:\/\/mostrafire.com\/es\/2023-es\/los-agitadores-sabado-10-06-20h\/#breadcrumb","itemListElement":[{"@type":"ListItem","position":1,"name":"Portada","item":"https:\/\/mostrafire.com\/es\/"},{"@type":"ListItem","position":2,"name":"\u201cLos agitadores\u201d, s\u00e1bado 10.06 a les 20h"}]},{"@type":"WebSite","@id":"https:\/\/mostrafire.com\/es\/#website","url":"https:\/\/mostrafire.com\/es\/","name":"Mostra FIRE!!","description":"Muestra Internacional de Cine Gay y L\u00e9sbico de Barcelona","publisher":{"@id":"https:\/\/mostrafire.com\/es\/#organization"},"potentialAction":[{"@type":"SearchAction","target":{"@type":"EntryPoint","urlTemplate":"https:\/\/mostrafire.com\/es\/?s={search_term_string}"},"query-input":{"@type":"PropertyValueSpecification","valueRequired":true,"valueName":"search_term_string"}}],"inLanguage":"es"},{"@type":"Organization","@id":"https:\/\/mostrafire.com\/es\/#organization","name":"Mostra FIRE!! Edici\u00f3 2021","url":"https:\/\/mostrafire.com\/es\/","logo":{"@type":"ImageObject","inLanguage":"es","@id":"https:\/\/mostrafire.com\/es\/#\/schema\/logo\/image\/","url":"https:\/\/mostrafire.com\/wp-content\/uploads\/2020\/07\/Logo_landing.jpg","contentUrl":"https:\/\/mostrafire.com\/wp-content\/uploads\/2020\/07\/Logo_landing.jpg","width":884,"height":312,"caption":"Mostra FIRE!! Edici\u00f3 2021"},"image":{"@id":"https:\/\/mostrafire.com\/es\/#\/schema\/logo\/image\/"},"sameAs":["https:\/\/www.facebook.com\/MostraFire","https:\/\/x.com\/mostraFire","https:\/\/www.instagram.com\/Mostrafire\/","https:\/\/www.youtube.com\/user\/firemostra\/"]},{"@type":"Person","@id":"https:\/\/mostrafire.com\/es\/#\/schema\/person\/c438a2b05aa3b056582f39ec8c68ef89","name":"antu","image":{"@type":"ImageObject","inLanguage":"es","@id":"https:\/\/secure.gravatar.com\/avatar\/aa09b0f8cfe332b1a1caa9041ccec4ae78734a7324609b3667f60d21efc62587?s=96&d=mm&r=g","url":"https:\/\/secure.gravatar.com\/avatar\/aa09b0f8cfe332b1a1caa9041ccec4ae78734a7324609b3667f60d21efc62587?s=96&d=mm&r=g","contentUrl":"https:\/\/secure.gravatar.com\/avatar\/aa09b0f8cfe332b1a1caa9041ccec4ae78734a7324609b3667f60d21efc62587?s=96&d=mm&r=g","caption":"antu"}}]}},"_links":{"self":[{"href":"https:\/\/mostrafire.com\/es\/wp-json\/wp\/v2\/posts\/41405","targetHints":{"allow":["GET"]}}],"collection":[{"href":"https:\/\/mostrafire.com\/es\/wp-json\/wp\/v2\/posts"}],"about":[{"href":"https:\/\/mostrafire.com\/es\/wp-json\/wp\/v2\/types\/post"}],"author":[{"embeddable":true,"href":"https:\/\/mostrafire.com\/es\/wp-json\/wp\/v2\/users\/4"}],"replies":[{"embeddable":true,"href":"https:\/\/mostrafire.com\/es\/wp-json\/wp\/v2\/comments?post=41405"}],"version-history":[{"count":0,"href":"https:\/\/mostrafire.com\/es\/wp-json\/wp\/v2\/posts\/41405\/revisions"}],"wp:featuredmedia":[{"embeddable":true,"href":"https:\/\/mostrafire.com\/es\/wp-json\/wp\/v2\/media\/41404"}],"wp:attachment":[{"href":"https:\/\/mostrafire.com\/es\/wp-json\/wp\/v2\/media?parent=41405"}],"wp:term":[{"taxonomy":"category","embeddable":true,"href":"https:\/\/mostrafire.com\/es\/wp-json\/wp\/v2\/categories?post=41405"},{"taxonomy":"post_tag","embeddable":true,"href":"https:\/\/mostrafire.com\/es\/wp-json\/wp\/v2\/tags?post=41405"}],"curies":[{"name":"wp","href":"https:\/\/api.w.org\/{rel}","templated":true}]}}