{"id":59152,"date":"2025-05-30T10:00:22","date_gmt":"2025-05-30T08:00:22","guid":{"rendered":"https:\/\/mostrafire.com\/?p=59152"},"modified":"2025-05-24T10:57:52","modified_gmt":"2025-05-24T08:57:52","slug":"selected-projects-for-the-fire-lab2025","status":"publish","type":"post","link":"https:\/\/mostrafire.com\/en\/2025-en\/selected-projects-for-the-fire-lab2025\/","title":{"rendered":"Selected projects for the FIRE!! LAB 2025"},"content":{"rendered":"<p>We are pleased to present the  <strong><a href=\"https:\/\/mostrafire.com\/en\/fire-pro\/#FireLab\">10 projects selected for the FIRE!! LAB 2025: 5 feature film projects and 5 series projects<\/a><\/strong>. It has been a very complicated selection for this <strong>5th edition of our laboratory<\/strong>, since we received <strong>more than 100 projects<\/strong> this year! 40% more than last year, which shows us the enormous demand for LGTBIQ+ content in our country, and the great need for laboratories like FIRE!! LAB to influence the \u2013 still very low \u2013 production of films on this subject in Spain.   <strong>Mostra FIRE!! LAB 2025 <\/strong> will take place at the <strong>LGBTI Centre in Barcelona, from June 9 to 11<\/strong>.<\/p>\n<p>&nbsp;<\/p>\n<p><strong><u>Selected feature films:<\/u><\/strong><\/p>\n<p>&nbsp;<\/p>\n<p><strong><em>Tetio.  <\/em><\/strong>Direction: Sergio Avellaneda Belmonte. Production: Paula Amat (Debut Films) <\/p>\n<p>&nbsp;<\/p>\n<p><em><strong>Protuberantia<\/strong><\/em>. Direction: Mires Ibars Screenplay: Pau Vidal Bosch. Production: Mires Ibars (Opening Night)  <\/p>\n<p>&nbsp;<\/p>\n<p><strong><em>Las manos quietas. <\/em><\/strong>Direction: V\u00edctor Diago. Production: Andr\u00e9s Mellinas (Boogaloo films) <\/p>\n<p>&nbsp;<\/p>\n<p><strong><em>El participio del verbo o\u00edr<\/em><\/strong>. Direction: Miguel Machetti. Production: \u00c1ngeles L. Guerrero  <\/p>\n<p><strong><em> <\/em><\/strong><\/p>\n<p><strong><em>Sin pecado concebidas<\/em><\/strong>. Direction: Raquel Colera, Claudia Barthelemy, Jenifer de la Rosa. Production: Jenifer de la Rosa  <\/p>\n<p>&nbsp;<\/p>\n<p>&nbsp;<\/p>\n<p><strong><u>Selected series:<\/u><\/strong><\/p>\n<p><u> <\/u><\/p>\n<p><strong><em>El a\u00f1o de la envidia<\/em><\/strong>. Screenplay: Kevin Rodrigo P\u00e9rez, Luc\u00eda P\u00e9rez Oroz, Mar\u00eda Moreno Novoa <\/p>\n<p>&nbsp;<\/p>\n<p><strong><em>A solas en todas partes<\/em><\/strong>. Screenplay: Isabel Luque Garramiola and Camila Pineda Virgen <\/p>\n<p>&nbsp;<\/p>\n<p><strong><em>Cercan\u00edas<\/em><\/strong>. Screenplay: Manu Roma and Cl\u00e0udia Manero <\/p>\n<p><strong><em> <\/em><\/strong><\/p>\n<p><strong><em>El \u00faltim hetero<\/em><\/strong>. Screenplay: Marta Lario Ruiz <\/p>\n<p>&nbsp;<\/p>\n<p><strong><em>Por tu propia culpa<\/em><\/strong>. Screenplay: Enrique Huelva Jim\u00e9nez. <\/p>\n<p>&nbsp;<\/p>\n<p><strong>Congratulations to the selected projects and thank you very much to all the people who have participated in our call!  <\/strong><\/p>\n<p><strong> <\/strong><\/p>\n<p>More info <strong><a href=\"https:\/\/mostrafire.com\/en\/fire-pro\/#FireLab\">&gt; here<\/a><\/strong><\/p>\n","protected":false},"excerpt":{"rendered":"<p>We are pleased to present the 10 projects selected for the FIRE!! LAB 2025: 5 feature film projects and 5 <a href=\"https:\/\/mostrafire.com\/en\/2025-en\/selected-projects-for-the-fire-lab2025\/\"> &#8230; LLEGIR +<\/a><\/p>\n","protected":false},"author":4,"featured_media":59136,"comment_status":"closed","ping_status":"closed","sticky":false,"template":"","format":"standard","meta":{"footnotes":""},"categories":[1051],"tags":[],"class_list":["post-59152","post","type-post","status-publish","format-standard","has-post-thumbnail","hentry","category-2025-en"],"yoast_head":"<!-- This site is optimized with the Yoast SEO plugin v27.4 - https:\/\/yoast.com\/product\/yoast-seo-wordpress\/ -->\n<title>Selected projects for the FIRE!! LAB 2025 | Mostra FIRE!!<\/title>\n<meta name=\"robots\" content=\"index, follow, max-snippet:-1, max-image-preview:large, max-video-preview:-1\" \/>\n<link rel=\"canonical\" href=\"https:\/\/mostrafire.com\/en\/2025-en\/selected-projects-for-the-fire-lab2025\/\" \/>\n<meta property=\"og:locale\" content=\"en_US\" \/>\n<meta property=\"og:type\" content=\"article\" \/>\n<meta property=\"og:title\" content=\"Selected projects for the FIRE!! LAB 2025 | Mostra FIRE!!\" \/>\n<meta property=\"og:description\" content=\"We are pleased to present the 10 projects selected for the FIRE!! LAB 2025: 5 feature film projects and 5 ... LLEGIR +\" \/>\n<meta property=\"og:url\" content=\"https:\/\/mostrafire.com\/en\/2025-en\/selected-projects-for-the-fire-lab2025\/\" \/>\n<meta property=\"og:site_name\" content=\"Mostra FIRE!!\" \/>\n<meta property=\"article:publisher\" content=\"https:\/\/www.facebook.com\/MostraFire\" \/>\n<meta property=\"article:published_time\" content=\"2025-05-30T08:00:22+00:00\" \/>\n<meta property=\"og:image\" content=\"https:\/\/mostrafire.com\/wp-content\/uploads\/2025\/05\/El-participio-del-verdo-oir.jpg\" \/>\n\t<meta property=\"og:image:width\" content=\"1200\" \/>\n\t<meta property=\"og:image:height\" content=\"632\" \/>\n\t<meta property=\"og:image:type\" content=\"image\/jpeg\" \/>\n<meta name=\"author\" content=\"antu\" \/>\n<meta name=\"twitter:card\" content=\"summary_large_image\" \/>\n<meta name=\"twitter:creator\" content=\"@mostraFire\" \/>\n<meta name=\"twitter:site\" content=\"@mostraFire\" \/>\n<meta name=\"twitter:label1\" content=\"Written by\" \/>\n\t<meta name=\"twitter:data1\" content=\"antu\" \/>\n\t<meta name=\"twitter:label2\" content=\"Est. reading time\" \/>\n\t<meta name=\"twitter:data2\" content=\"1 minute\" \/>\n<script type=\"application\/ld+json\" class=\"yoast-schema-graph\">{\"@context\":\"https:\\\/\\\/schema.org\",\"@graph\":[{\"@type\":\"Article\",\"@id\":\"https:\\\/\\\/mostrafire.com\\\/en\\\/2025-en\\\/selected-projects-for-the-fire-lab2025\\\/#article\",\"isPartOf\":{\"@id\":\"https:\\\/\\\/mostrafire.com\\\/en\\\/2025-en\\\/selected-projects-for-the-fire-lab2025\\\/\"},\"author\":{\"name\":\"antu\",\"@id\":\"https:\\\/\\\/mostrafire.com\\\/en\\\/#\\\/schema\\\/person\\\/c438a2b05aa3b056582f39ec8c68ef89\"},\"headline\":\"Selected projects for the FIRE!! LAB 2025\",\"datePublished\":\"2025-05-30T08:00:22+00:00\",\"mainEntityOfPage\":{\"@id\":\"https:\\\/\\\/mostrafire.com\\\/en\\\/2025-en\\\/selected-projects-for-the-fire-lab2025\\\/\"},\"wordCount\":264,\"publisher\":{\"@id\":\"https:\\\/\\\/mostrafire.com\\\/en\\\/#organization\"},\"image\":{\"@id\":\"https:\\\/\\\/mostrafire.com\\\/en\\\/2025-en\\\/selected-projects-for-the-fire-lab2025\\\/#primaryimage\"},\"thumbnailUrl\":\"https:\\\/\\\/mostrafire.com\\\/wp-content\\\/uploads\\\/2025\\\/05\\\/El-participio-del-verdo-oir.jpg\",\"articleSection\":[\"2025\"],\"inLanguage\":\"en-US\"},{\"@type\":\"WebPage\",\"@id\":\"https:\\\/\\\/mostrafire.com\\\/en\\\/2025-en\\\/selected-projects-for-the-fire-lab2025\\\/\",\"url\":\"https:\\\/\\\/mostrafire.com\\\/en\\\/2025-en\\\/selected-projects-for-the-fire-lab2025\\\/\",\"name\":\"Selected projects for the FIRE!! LAB 2025 | Mostra FIRE!!\",\"isPartOf\":{\"@id\":\"https:\\\/\\\/mostrafire.com\\\/en\\\/#website\"},\"primaryImageOfPage\":{\"@id\":\"https:\\\/\\\/mostrafire.com\\\/en\\\/2025-en\\\/selected-projects-for-the-fire-lab2025\\\/#primaryimage\"},\"image\":{\"@id\":\"https:\\\/\\\/mostrafire.com\\\/en\\\/2025-en\\\/selected-projects-for-the-fire-lab2025\\\/#primaryimage\"},\"thumbnailUrl\":\"https:\\\/\\\/mostrafire.com\\\/wp-content\\\/uploads\\\/2025\\\/05\\\/El-participio-del-verdo-oir.jpg\",\"datePublished\":\"2025-05-30T08:00:22+00:00\",\"breadcrumb\":{\"@id\":\"https:\\\/\\\/mostrafire.com\\\/en\\\/2025-en\\\/selected-projects-for-the-fire-lab2025\\\/#breadcrumb\"},\"inLanguage\":\"en-US\",\"potentialAction\":[{\"@type\":\"ReadAction\",\"target\":[\"https:\\\/\\\/mostrafire.com\\\/en\\\/2025-en\\\/selected-projects-for-the-fire-lab2025\\\/\"]}]},{\"@type\":\"ImageObject\",\"inLanguage\":\"en-US\",\"@id\":\"https:\\\/\\\/mostrafire.com\\\/en\\\/2025-en\\\/selected-projects-for-the-fire-lab2025\\\/#primaryimage\",\"url\":\"https:\\\/\\\/mostrafire.com\\\/wp-content\\\/uploads\\\/2025\\\/05\\\/El-participio-del-verdo-oir.jpg\",\"contentUrl\":\"https:\\\/\\\/mostrafire.com\\\/wp-content\\\/uploads\\\/2025\\\/05\\\/El-participio-del-verdo-oir.jpg\",\"width\":1200,\"height\":632,\"caption\":\"Screenshot\"},{\"@type\":\"BreadcrumbList\",\"@id\":\"https:\\\/\\\/mostrafire.com\\\/en\\\/2025-en\\\/selected-projects-for-the-fire-lab2025\\\/#breadcrumb\",\"itemListElement\":[{\"@type\":\"ListItem\",\"position\":1,\"name\":\"Portada\",\"item\":\"https:\\\/\\\/mostrafire.com\\\/en\\\/\"},{\"@type\":\"ListItem\",\"position\":2,\"name\":\"Selected projects for the FIRE!! LAB 2025\"}]},{\"@type\":\"WebSite\",\"@id\":\"https:\\\/\\\/mostrafire.com\\\/en\\\/#website\",\"url\":\"https:\\\/\\\/mostrafire.com\\\/en\\\/\",\"name\":\"Mostra FIRE!!\",\"description\":\"Mostra FIRE!! - Barcelona International LGBT Film Festival\",\"publisher\":{\"@id\":\"https:\\\/\\\/mostrafire.com\\\/en\\\/#organization\"},\"potentialAction\":[{\"@type\":\"SearchAction\",\"target\":{\"@type\":\"EntryPoint\",\"urlTemplate\":\"https:\\\/\\\/mostrafire.com\\\/en\\\/?s={search_term_string}\"},\"query-input\":{\"@type\":\"PropertyValueSpecification\",\"valueRequired\":true,\"valueName\":\"search_term_string\"}}],\"inLanguage\":\"en-US\"},{\"@type\":\"Organization\",\"@id\":\"https:\\\/\\\/mostrafire.com\\\/en\\\/#organization\",\"name\":\"Mostra FIRE!! Edici\u00f3 2021\",\"url\":\"https:\\\/\\\/mostrafire.com\\\/en\\\/\",\"logo\":{\"@type\":\"ImageObject\",\"inLanguage\":\"en-US\",\"@id\":\"https:\\\/\\\/mostrafire.com\\\/en\\\/#\\\/schema\\\/logo\\\/image\\\/\",\"url\":\"https:\\\/\\\/mostrafire.com\\\/wp-content\\\/uploads\\\/2020\\\/07\\\/Logo_landing.jpg\",\"contentUrl\":\"https:\\\/\\\/mostrafire.com\\\/wp-content\\\/uploads\\\/2020\\\/07\\\/Logo_landing.jpg\",\"width\":884,\"height\":312,\"caption\":\"Mostra FIRE!! Edici\u00f3 2021\"},\"image\":{\"@id\":\"https:\\\/\\\/mostrafire.com\\\/en\\\/#\\\/schema\\\/logo\\\/image\\\/\"},\"sameAs\":[\"https:\\\/\\\/www.facebook.com\\\/MostraFire\",\"https:\\\/\\\/x.com\\\/mostraFire\",\"https:\\\/\\\/www.instagram.com\\\/Mostrafire\\\/\",\"https:\\\/\\\/www.youtube.com\\\/user\\\/firemostra\\\/\"]},{\"@type\":\"Person\",\"@id\":\"https:\\\/\\\/mostrafire.com\\\/en\\\/#\\\/schema\\\/person\\\/c438a2b05aa3b056582f39ec8c68ef89\",\"name\":\"antu\",\"image\":{\"@type\":\"ImageObject\",\"inLanguage\":\"en-US\",\"@id\":\"https:\\\/\\\/secure.gravatar.com\\\/avatar\\\/aa09b0f8cfe332b1a1caa9041ccec4ae78734a7324609b3667f60d21efc62587?s=96&d=mm&r=g\",\"url\":\"https:\\\/\\\/secure.gravatar.com\\\/avatar\\\/aa09b0f8cfe332b1a1caa9041ccec4ae78734a7324609b3667f60d21efc62587?s=96&d=mm&r=g\",\"contentUrl\":\"https:\\\/\\\/secure.gravatar.com\\\/avatar\\\/aa09b0f8cfe332b1a1caa9041ccec4ae78734a7324609b3667f60d21efc62587?s=96&d=mm&r=g\",\"caption\":\"antu\"}}]}<\/script>\n<!-- \/ Yoast SEO plugin. -->","yoast_head_json":{"title":"Selected projects for the FIRE!! LAB 2025 | Mostra FIRE!!","robots":{"index":"index","follow":"follow","max-snippet":"max-snippet:-1","max-image-preview":"max-image-preview:large","max-video-preview":"max-video-preview:-1"},"canonical":"https:\/\/mostrafire.com\/en\/2025-en\/selected-projects-for-the-fire-lab2025\/","og_locale":"en_US","og_type":"article","og_title":"Selected projects for the FIRE!! LAB 2025 | Mostra FIRE!!","og_description":"We are pleased to present the 10 projects selected for the FIRE!! LAB 2025: 5 feature film projects and 5 ... LLEGIR +","og_url":"https:\/\/mostrafire.com\/en\/2025-en\/selected-projects-for-the-fire-lab2025\/","og_site_name":"Mostra FIRE!!","article_publisher":"https:\/\/www.facebook.com\/MostraFire","article_published_time":"2025-05-30T08:00:22+00:00","og_image":[{"width":1200,"height":632,"url":"https:\/\/mostrafire.com\/wp-content\/uploads\/2025\/05\/El-participio-del-verdo-oir.jpg","type":"image\/jpeg"}],"author":"antu","twitter_card":"summary_large_image","twitter_creator":"@mostraFire","twitter_site":"@mostraFire","twitter_misc":{"Written by":"antu","Est. reading time":"1 minute"},"schema":{"@context":"https:\/\/schema.org","@graph":[{"@type":"Article","@id":"https:\/\/mostrafire.com\/en\/2025-en\/selected-projects-for-the-fire-lab2025\/#article","isPartOf":{"@id":"https:\/\/mostrafire.com\/en\/2025-en\/selected-projects-for-the-fire-lab2025\/"},"author":{"name":"antu","@id":"https:\/\/mostrafire.com\/en\/#\/schema\/person\/c438a2b05aa3b056582f39ec8c68ef89"},"headline":"Selected projects for the FIRE!! LAB 2025","datePublished":"2025-05-30T08:00:22+00:00","mainEntityOfPage":{"@id":"https:\/\/mostrafire.com\/en\/2025-en\/selected-projects-for-the-fire-lab2025\/"},"wordCount":264,"publisher":{"@id":"https:\/\/mostrafire.com\/en\/#organization"},"image":{"@id":"https:\/\/mostrafire.com\/en\/2025-en\/selected-projects-for-the-fire-lab2025\/#primaryimage"},"thumbnailUrl":"https:\/\/mostrafire.com\/wp-content\/uploads\/2025\/05\/El-participio-del-verdo-oir.jpg","articleSection":["2025"],"inLanguage":"en-US"},{"@type":"WebPage","@id":"https:\/\/mostrafire.com\/en\/2025-en\/selected-projects-for-the-fire-lab2025\/","url":"https:\/\/mostrafire.com\/en\/2025-en\/selected-projects-for-the-fire-lab2025\/","name":"Selected projects for the FIRE!! LAB 2025 | Mostra FIRE!!","isPartOf":{"@id":"https:\/\/mostrafire.com\/en\/#website"},"primaryImageOfPage":{"@id":"https:\/\/mostrafire.com\/en\/2025-en\/selected-projects-for-the-fire-lab2025\/#primaryimage"},"image":{"@id":"https:\/\/mostrafire.com\/en\/2025-en\/selected-projects-for-the-fire-lab2025\/#primaryimage"},"thumbnailUrl":"https:\/\/mostrafire.com\/wp-content\/uploads\/2025\/05\/El-participio-del-verdo-oir.jpg","datePublished":"2025-05-30T08:00:22+00:00","breadcrumb":{"@id":"https:\/\/mostrafire.com\/en\/2025-en\/selected-projects-for-the-fire-lab2025\/#breadcrumb"},"inLanguage":"en-US","potentialAction":[{"@type":"ReadAction","target":["https:\/\/mostrafire.com\/en\/2025-en\/selected-projects-for-the-fire-lab2025\/"]}]},{"@type":"ImageObject","inLanguage":"en-US","@id":"https:\/\/mostrafire.com\/en\/2025-en\/selected-projects-for-the-fire-lab2025\/#primaryimage","url":"https:\/\/mostrafire.com\/wp-content\/uploads\/2025\/05\/El-participio-del-verdo-oir.jpg","contentUrl":"https:\/\/mostrafire.com\/wp-content\/uploads\/2025\/05\/El-participio-del-verdo-oir.jpg","width":1200,"height":632,"caption":"Screenshot"},{"@type":"BreadcrumbList","@id":"https:\/\/mostrafire.com\/en\/2025-en\/selected-projects-for-the-fire-lab2025\/#breadcrumb","itemListElement":[{"@type":"ListItem","position":1,"name":"Portada","item":"https:\/\/mostrafire.com\/en\/"},{"@type":"ListItem","position":2,"name":"Selected projects for the FIRE!! LAB 2025"}]},{"@type":"WebSite","@id":"https:\/\/mostrafire.com\/en\/#website","url":"https:\/\/mostrafire.com\/en\/","name":"Mostra FIRE!!","description":"Mostra FIRE!! - Barcelona International LGBT Film Festival","publisher":{"@id":"https:\/\/mostrafire.com\/en\/#organization"},"potentialAction":[{"@type":"SearchAction","target":{"@type":"EntryPoint","urlTemplate":"https:\/\/mostrafire.com\/en\/?s={search_term_string}"},"query-input":{"@type":"PropertyValueSpecification","valueRequired":true,"valueName":"search_term_string"}}],"inLanguage":"en-US"},{"@type":"Organization","@id":"https:\/\/mostrafire.com\/en\/#organization","name":"Mostra FIRE!! Edici\u00f3 2021","url":"https:\/\/mostrafire.com\/en\/","logo":{"@type":"ImageObject","inLanguage":"en-US","@id":"https:\/\/mostrafire.com\/en\/#\/schema\/logo\/image\/","url":"https:\/\/mostrafire.com\/wp-content\/uploads\/2020\/07\/Logo_landing.jpg","contentUrl":"https:\/\/mostrafire.com\/wp-content\/uploads\/2020\/07\/Logo_landing.jpg","width":884,"height":312,"caption":"Mostra FIRE!! Edici\u00f3 2021"},"image":{"@id":"https:\/\/mostrafire.com\/en\/#\/schema\/logo\/image\/"},"sameAs":["https:\/\/www.facebook.com\/MostraFire","https:\/\/x.com\/mostraFire","https:\/\/www.instagram.com\/Mostrafire\/","https:\/\/www.youtube.com\/user\/firemostra\/"]},{"@type":"Person","@id":"https:\/\/mostrafire.com\/en\/#\/schema\/person\/c438a2b05aa3b056582f39ec8c68ef89","name":"antu","image":{"@type":"ImageObject","inLanguage":"en-US","@id":"https:\/\/secure.gravatar.com\/avatar\/aa09b0f8cfe332b1a1caa9041ccec4ae78734a7324609b3667f60d21efc62587?s=96&d=mm&r=g","url":"https:\/\/secure.gravatar.com\/avatar\/aa09b0f8cfe332b1a1caa9041ccec4ae78734a7324609b3667f60d21efc62587?s=96&d=mm&r=g","contentUrl":"https:\/\/secure.gravatar.com\/avatar\/aa09b0f8cfe332b1a1caa9041ccec4ae78734a7324609b3667f60d21efc62587?s=96&d=mm&r=g","caption":"antu"}}]}},"_links":{"self":[{"href":"https:\/\/mostrafire.com\/en\/wp-json\/wp\/v2\/posts\/59152","targetHints":{"allow":["GET"]}}],"collection":[{"href":"https:\/\/mostrafire.com\/en\/wp-json\/wp\/v2\/posts"}],"about":[{"href":"https:\/\/mostrafire.com\/en\/wp-json\/wp\/v2\/types\/post"}],"author":[{"embeddable":true,"href":"https:\/\/mostrafire.com\/en\/wp-json\/wp\/v2\/users\/4"}],"replies":[{"embeddable":true,"href":"https:\/\/mostrafire.com\/en\/wp-json\/wp\/v2\/comments?post=59152"}],"version-history":[{"count":1,"href":"https:\/\/mostrafire.com\/en\/wp-json\/wp\/v2\/posts\/59152\/revisions"}],"predecessor-version":[{"id":59155,"href":"https:\/\/mostrafire.com\/en\/wp-json\/wp\/v2\/posts\/59152\/revisions\/59155"}],"wp:featuredmedia":[{"embeddable":true,"href":"https:\/\/mostrafire.com\/en\/wp-json\/wp\/v2\/media\/59136"}],"wp:attachment":[{"href":"https:\/\/mostrafire.com\/en\/wp-json\/wp\/v2\/media?parent=59152"}],"wp:term":[{"taxonomy":"category","embeddable":true,"href":"https:\/\/mostrafire.com\/en\/wp-json\/wp\/v2\/categories?post=59152"},{"taxonomy":"post_tag","embeddable":true,"href":"https:\/\/mostrafire.com\/en\/wp-json\/wp\/v2\/tags?post=59152"}],"curies":[{"name":"wp","href":"https:\/\/api.w.org\/{rel}","templated":true}]}}